{"id":17146,"date":"2024-12-19T08:24:09","date_gmt":"2024-12-19T12:24:09","guid":{"rendered":"https:\/\/panoramatv.com.do\/?p=17146"},"modified":"2024-12-19T08:24:16","modified_gmt":"2024-12-19T12:24:16","slug":"tus-unas-pueden-estarte-advirtiendo-enfermedades","status":"publish","type":"post","link":"https:\/\/panoramatv.com.do\/index.php\/2024\/12\/19\/tus-unas-pueden-estarte-advirtiendo-enfermedades\/","title":{"rendered":"Tus u\u00f1as pueden estarte advirtiendo enfermedades"},"content":{"rendered":"\n<p>Las u\u00f1as son mucho m\u00e1s que una parte est\u00e9tica de tu cuerpo. Su apariencia, color, textura y forma pueden recomendarle pistas valiosas sobre su estado de salud general. Muchas veces, los cambios en las u\u00f1as pasan desapercibidos, pero pueden ser se\u00f1ales tempranas de problemas m\u00e9dicos. En este art\u00edculo, exploramos las condiciones que podr\u00edan estar relacionadas con modificaciones en las u\u00f1as y c\u00f3mo reconocerlas. <\/p>\n\n\n\n<p>Las u\u00f1as no solo cumplen una funci\u00f3n est\u00e9tica, sino que tambi\u00e9n son una ventana que puede revelar aspectos importantes sobre tu salud general. Los cambios en su color, textura o forma pueden ser indicadores de condiciones subyacentes que necesitan atenci\u00f3n m\u00e9dica. A continuaci\u00f3n, te explicamos algunas se\u00f1ales comunes y lo que podr\u00edan estar dici\u00e9ndote sobre tu cuerpo:<\/p>\n\n\n\n<figure class=\"wp-block-gallery has-nested-images columns-default is-cropped wp-block-gallery-1 is-layout-flex wp-block-gallery-is-layout-flex\">\n<figure class=\"wp-block-image size-large\"><img decoding=\"async\" data-id=\"17147\" src=\"https:\/\/images.panoramatv.com.dohttps:\/\/xco-images.nyc3.digitaloceanspaces.com\/panoramatv.com.do\/wp-content\/uploads\/2024\/12\/98-1024x576.webp\" alt=\"\" class=\"wp-image-17147\"\/><figcaption class=\"wp-element-caption\">Tus u\u00f1as pueden estarte advirtiendo enfermedades<\/figcaption><\/figure>\n\n\n\n<figure class=\"wp-block-image size-large\"><img decoding=\"async\" data-id=\"17148\" src=\"https:\/\/images.panoramatv.com.dohttps:\/\/xco-images.nyc3.digitaloceanspaces.com\/panoramatv.com.do\/wp-content\/uploads\/2024\/12\/imagen19707d-500x375.jpg\" alt=\"\" class=\"wp-image-17148\"\/><\/figure>\n<\/figure>\n\n\n\n<h3 class=\"wp-block-heading\">1. <strong>Cambios en el color de las u\u00f1as.<\/strong><\/h3>\n\n\n\n<ul class=\"wp-block-list\">\n<li><strong>U\u00f1as amarillas<\/strong> : Este cambio puede ser una se\u00f1al de infecciones por hongos, pero tambi\u00e9n est\u00e1 relacionado con problemas pulmonares como el enfisema o con enfermedades hep\u00e1ticas.<\/li>\n\n\n\n<li><strong>U\u00f1as<\/strong> : Si tus u\u00f1as presentan una tonalidad blanca o est\u00e1n blancas, puede ser un s\u00edntoma de anemia o de problemas renales.<\/li>\n\n\n\n<li><strong>U\u00f1as azuladas<\/strong> : Un color azulado puede indicar niveles bajos de ox\u00edgeno en la sangre, asociados con enfermedades respiratorias como el asma o afecciones card\u00edacas.<\/li>\n<\/ul>\n\n\n\n<h3 class=\"wp-block-heading\">2. <strong>Cambios en la textura de las u\u00f1as.<\/strong><\/h3>\n\n\n\n<ul class=\"wp-block-list\">\n<li><strong>U\u00f1as quebradizas o que se rompen f\u00e1cilmente<\/strong> : Esto puede ser un signo de deficiencia de vitaminas, especialmente de biotina o hierro, o una se\u00f1al de hipotiroidismo.<\/li>\n\n\n\n<li><strong>Surcos o l\u00edneas<\/strong> : Las l\u00edneas de Beau (depresiones horizontales en la u\u00f1a) pueden indicar interrupciones en el crecimiento debido a fiebre alta, infecciones o enfermedades sist\u00e9micas graves.<\/li>\n<\/ul>\n\n\n\n<h3 class=\"wp-block-heading\">3. <strong>Alteraciones en la forma<\/strong><\/h3>\n\n\n\n<ul class=\"wp-block-list\">\n<li><strong>U\u00f1as en forma de cuchara (koiloniquia)<\/strong> : Cuando las u\u00f1as se curvan hacia afuera, pueden ser un s\u00edntoma de anemia por deficiencia de hierro.<\/li>\n\n\n\n<li><strong>U\u00f1as gruesas o deformes<\/strong> : Este tipo de cambio puede ser causado por infecciones por hongos o enfermedades pulmonares cr\u00f3nicas.<\/li>\n<\/ul>\n\n\n\n<h3 class=\"wp-block-heading\">4. <strong>Manchas y l\u00edneas oscuras<\/strong><\/h3>\n\n\n\n<ul class=\"wp-block-list\">\n<li><strong>Rayas negras o marrones<\/strong> : Aunque algunas pueden ser inofensivas, otras pueden ser un signo de melanoma, un tipo de c\u00e1ncer de piel. Estas deben ser evaluadas por un m\u00e9dico inmediatamente.<\/li>\n\n\n\n<li><strong>Peque\u00f1as manchas rojas o marrones bajo las u\u00f1as<\/strong> : Estas pueden ser hemorragias en astilla, asociadas con problemas card\u00edacos como la endocarditis.<\/li>\n<\/ul>\n\n\n\n<figure class=\"wp-block-image size-large\"><img decoding=\"async\" src=\"https:\/\/images.panoramatv.com.dohttps:\/\/xco-images.nyc3.digitaloceanspaces.com\/panoramatv.com.do\/wp-content\/uploads\/2024\/12\/640695936_220934579_1706x960-1024x576.webp\" alt=\"\" class=\"wp-image-17149\"\/><\/figure>\n","protected":false},"excerpt":{"rendered":"<p>Las u\u00f1as son mucho m\u00e1s que una parte est\u00e9tica de tu cuerpo. Su apariencia, color, textura y forma pueden recomendarle pistas valiosas sobre su estado de salud general. Muchas veces, los cambios en las u\u00f1as pasan desapercibidos, pero pueden ser se\u00f1ales tempranas de problemas m\u00e9dicos. En este art\u00edculo, exploramos las condiciones que podr\u00edan estar relacionadas [&hellip;]<\/p>\n","protected":false},"author":1,"featured_media":17149,"comment_status":"open","ping_status":"open","sticky":false,"template":"","format":"standard","meta":{"_jetpack_memberships_contains_paid_content":false,"footnotes":"","jetpack_publicize_message":"","jetpack_publicize_feature_enabled":true,"jetpack_social_post_already_shared":true,"jetpack_social_options":{"image_generator_settings":{"template":"highway","enabled":false}}},"categories":[8],"tags":[2544,3567],"class_list":["post-17146","post","type-post","status-publish","format-standard","has-post-thumbnail","hentry","category-panorama-de-salud","tag-enfermedades","tag-unas"],"jetpack_publicize_connections":[],"jetpack_sharing_enabled":true,"jetpack_featured_media_url":"https:\/\/panoramatv.com.do\/wp-content\/uploads\/2024\/12\/640695936_220934579_1706x960.webp","jetpack_likes_enabled":true,"jetpack-related-posts":[],"_links":{"self":[{"href":"https:\/\/panoramatv.com.do\/index.php\/wp-json\/wp\/v2\/posts\/17146","targetHints":{"allow":["GET"]}}],"collection":[{"href":"https:\/\/panoramatv.com.do\/index.php\/wp-json\/wp\/v2\/posts"}],"about":[{"href":"https:\/\/panoramatv.com.do\/index.php\/wp-json\/wp\/v2\/types\/post"}],"author":[{"embeddable":true,"href":"https:\/\/panoramatv.com.do\/index.php\/wp-json\/wp\/v2\/users\/1"}],"replies":[{"embeddable":true,"href":"https:\/\/panoramatv.com.do\/index.php\/wp-json\/wp\/v2\/comments?post=17146"}],"version-history":[{"count":0,"href":"https:\/\/panoramatv.com.do\/index.php\/wp-json\/wp\/v2\/posts\/17146\/revisions"}],"wp:featuredmedia":[{"embeddable":true,"href":"https:\/\/panoramatv.com.do\/index.php\/wp-json\/wp\/v2\/media\/17149"}],"wp:attachment":[{"href":"https:\/\/panoramatv.com.do\/index.php\/wp-json\/wp\/v2\/media?parent=17146"}],"wp:term":[{"taxonomy":"category","embeddable":true,"href":"https:\/\/panoramatv.com.do\/index.php\/wp-json\/wp\/v2\/categories?post=17146"},{"taxonomy":"post_tag","embeddable":true,"href":"https:\/\/panoramatv.com.do\/index.php\/wp-json\/wp\/v2\/tags?post=17146"}],"curies":[{"name":"wp","href":"https:\/\/api.w.org\/{rel}","templated":true}]}}