{"id":17053,"date":"2024-11-22T11:55:30","date_gmt":"2024-11-22T15:55:30","guid":{"rendered":"https:\/\/panoramatv.com.do\/?p=17053"},"modified":"2024-11-22T11:55:37","modified_gmt":"2024-11-22T15:55:37","slug":"victor-castro-destaca-aumento-de-escolares-beneficiados-por-el-inabie","status":"publish","type":"post","link":"https:\/\/panoramatv.com.do\/index.php\/2024\/11\/22\/victor-castro-destaca-aumento-de-escolares-beneficiados-por-el-inabie\/","title":{"rendered":"V\u00edctor Castro destaca aumento de escolares beneficiados por el INABIE"},"content":{"rendered":"\n<p class=\"has-text-align-justify\">Santo Domingo.- Al cumplirse este 22 de noviembre tres a\u00f1os de la gesti\u00f3n de V\u00edctor Castro como director ejecutivo del Instituto Nacional de Bienestar Estudiantil (INABIE), el funcionario resalt\u00f3 los avances significativos alcanzados en la instituci\u00f3n, destacando principalmente el aumento de beneficiarios en los servicios que ofrece la instituci\u00f3n en su misi\u00f3n de reducir la vulnerabilidad educativa.<\/p>\n\n\n\n<p class=\"has-text-align-justify\">\u201cHemos trabajado con pasi\u00f3n y compromiso para transformar el INABIE en un modelo de gesti\u00f3n p\u00fablica. Estos tres a\u00f1os reflejan nuestra dedicaci\u00f3n para garantizar que cada acci\u00f3n est\u00e9 centrada en mejorar la calidad de vida de los escolares y sus familias\u201d, afirm\u00f3 Castro, frente al equipo de colaboradores que le acompa\u00f1a.<\/p>\n\n\n\n<p class=\"has-text-align-justify\">Desde el nombramiento en noviembre de 2021, la actual gesti\u00f3n implement\u00f3 cambios estructurales que mejoraron la operatividad y el impacto de iniciativas clave como el Programa de Alimentaci\u00f3n Escolar (PAE), que actualmente beneficia a m\u00e1s de 2 millones de beneficiarios diariamente.<\/p>\n\n\n\n<p class=\"has-text-align-justify\">Adem\u00e1s, se han liderado transformaciones significativas, como la entrega universal de la utiler\u00eda escolar, la inclusi\u00f3n de las frutas frescas en el men\u00fa escolar, las mejoras en el PAE con la reducci\u00f3n de az\u00facares, sales y grasas en la preparaci\u00f3n de los alimentos, la disposici\u00f3n de promotores escolares en todo el pa\u00eds para la supervisi\u00f3n de la calidad de la alimentaci\u00f3n escolar en los centros educativos, as\u00ed como la inclusi\u00f3n de los j\u00f3venes de Prepara y Oportunidad 14-24 en los servicios del INABIE.<\/p>\n\n\n<div class=\"wp-block-image\">\n<figure class=\"aligncenter size-large\"><img decoding=\"async\" src=\"https:\/\/xco-images.nyc3.digitaloceanspaces.com\/panoramatv.com.do\/wp-content\/uploads\/2024\/11\/43b824ee-9503-4751-a53a-37eb10373fd4-1-1024x682.jpg\" alt=\"\" class=\"wp-image-17056\"\/><figcaption class=\"wp-element-caption\">V\u00edctor Castro destaca aumento de escolares beneficiados por el INABIE<\/figcaption><\/figure>\n<\/div>\n\n\n<p class=\"has-text-align-justify\">Entre otras iniciativas destacadas de esta gesti\u00f3n se encuentran el fortalecimiento de los programas de salud que han permitido a miles de estudiantes tratar afecciones auditivas, visuales y bucales gracias a la entrega gratuita de lentes oft\u00e1lmicos, auxiliares auditivos y tratamientos odontol\u00f3gicos.<\/p>\n\n\n\n<p>\u201cCada d\u00eda estos programas impactan a estudiantes logrando su permanencia en el aula y beneficiado a m\u00e1s de 720,000 familias\u201d, subray\u00f3 Castro.<\/p>\n\n\n\n<p>En t\u00e9rminos administrativos, se logr\u00f3 reducir los tiempos de pago a proveedores de ocho meses a un promedio de 45 d\u00edas, lo que ha fortalecido la confianza de los suplidores.<\/p>\n\n\n\n<p>Uno de los pilares de la gesti\u00f3n ha sido el fortalecimiento de la institucionalidad.<\/p>\n\n\n\n<p>\u201cCuando llegamos al INABIE, encontramos una instituci\u00f3n sin una estructura s\u00f3lida de trabajo, pero con un inmenso potencial. En estos tres a\u00f1os, hemos trabajado incansablemente para construir esa estructura, formando equipos competentes y comprometidos, alineados con nuestra misi\u00f3n: el bienestar estudiantil. Y ese es, sin lugar a duda, nuestro mayor legado: haber organizado esta casa\u201d, subray\u00f3 Castro.<\/p>\n\n\n\n<p>Durante una misa de acci\u00f3n de gracias realizada este viernes en la instituci\u00f3n, Castro expres\u00f3 su agradecimiento hacia su equipo de trabajo, resaltando que estos logros son el resultado de un esfuerzo colectivo orientado hacia el bienestar de los estudiantes.<\/p>\n\n\n\n<p class=\"has-text-align-justify\">La eucarist\u00eda fue oficiada por el reverendo padre Alexander B\u00e1ez y cont\u00f3 con la asistencia de los subdirectores Eduardo Pe\u00f1a, Hanoi V\u00e1squez, C\u00e9sar N\u00fa\u00f1ez, la directora de Gabinete Ocirema Caminero, el asesor legal Leo Sierra, as\u00ed como directores, encargados y servidores p\u00fablicos del INABIE, en general.<\/p>\n\n\n\n<figure class=\"wp-block-image size-large\"><img decoding=\"async\" src=\"https:\/\/xco-images.nyc3.digitaloceanspaces.com\/panoramatv.com.do\/wp-content\/uploads\/2024\/11\/f793e704-c942-45f4-8ef6-5f6266a7e2c4-1024x682.jpg\" alt=\"\" class=\"wp-image-17055\"\/><\/figure>\n","protected":false},"excerpt":{"rendered":"<p>Santo Domingo.- Al cumplirse este 22 de noviembre tres a\u00f1os de la gesti\u00f3n de V\u00edctor Castro como director ejecutivo del Instituto Nacional de Bienestar Estudiantil (INABIE), el funcionario resalt\u00f3 los avances significativos alcanzados en la instituci\u00f3n, destacando principalmente el aumento de beneficiarios en los servicios que ofrece la instituci\u00f3n en su misi\u00f3n de reducir la [&hellip;]<\/p>\n","protected":false},"author":1,"featured_media":17055,"comment_status":"open","ping_status":"open","sticky":false,"template":"","format":"standard","meta":{"_jetpack_memberships_contains_paid_content":false,"footnotes":"","jetpack_publicize_message":"","jetpack_publicize_feature_enabled":true,"jetpack_social_post_already_shared":true,"jetpack_social_options":{"image_generator_settings":{"template":"highway","enabled":false}}},"categories":[1],"tags":[687],"class_list":["post-17053","post","type-post","status-publish","format-standard","has-post-thumbnail","hentry","category-actualidad","tag-inabie"],"jetpack_publicize_connections":[],"jetpack_sharing_enabled":true,"jetpack_featured_media_url":"https:\/\/panoramatv.com.do\/wp-content\/uploads\/2024\/11\/f793e704-c942-45f4-8ef6-5f6266a7e2c4-1600x1066.jpg","jetpack_likes_enabled":true,"jetpack-related-posts":[],"_links":{"self":[{"href":"https:\/\/panoramatv.com.do\/index.php\/wp-json\/wp\/v2\/posts\/17053","targetHints":{"allow":["GET"]}}],"collection":[{"href":"https:\/\/panoramatv.com.do\/index.php\/wp-json\/wp\/v2\/posts"}],"about":[{"href":"https:\/\/panoramatv.com.do\/index.php\/wp-json\/wp\/v2\/types\/post"}],"author":[{"embeddable":true,"href":"https:\/\/panoramatv.com.do\/index.php\/wp-json\/wp\/v2\/users\/1"}],"replies":[{"embeddable":true,"href":"https:\/\/panoramatv.com.do\/index.php\/wp-json\/wp\/v2\/comments?post=17053"}],"version-history":[{"count":0,"href":"https:\/\/panoramatv.com.do\/index.php\/wp-json\/wp\/v2\/posts\/17053\/revisions"}],"wp:featuredmedia":[{"embeddable":true,"href":"https:\/\/panoramatv.com.do\/index.php\/wp-json\/wp\/v2\/media\/17055"}],"wp:attachment":[{"href":"https:\/\/panoramatv.com.do\/index.php\/wp-json\/wp\/v2\/media?parent=17053"}],"wp:term":[{"taxonomy":"category","embeddable":true,"href":"https:\/\/panoramatv.com.do\/index.php\/wp-json\/wp\/v2\/categories?post=17053"},{"taxonomy":"post_tag","embeddable":true,"href":"https:\/\/panoramatv.com.do\/index.php\/wp-json\/wp\/v2\/tags?post=17053"}],"curies":[{"name":"wp","href":"https:\/\/api.w.org\/{rel}","templated":true}]}}