{"id":17049,"date":"2024-11-22T10:37:01","date_gmt":"2024-11-22T14:37:01","guid":{"rendered":"https:\/\/panoramatv.com.do\/?p=17049"},"modified":"2024-11-22T10:37:08","modified_gmt":"2024-11-22T14:37:08","slug":"dga-y-dp-world-anuncian-ampliacion-de-horario-en-despacho-de-mercancias","status":"publish","type":"post","link":"https:\/\/panoramatv.com.do\/index.php\/2024\/11\/22\/dga-y-dp-world-anuncian-ampliacion-de-horario-en-despacho-de-mercancias\/","title":{"rendered":"DGA y DP WORLD anuncian ampliaci\u00f3n de horario en despacho de mercanc\u00edas"},"content":{"rendered":"\n<p class=\"has-text-align-justify\"><strong>Santo Domingo, RD.<\/strong>&nbsp;La Direcci\u00f3n General de Aduanas (DGA) y la empresa de soluciones log\u00edsticas, DP World Dominicana anunciaron una extensi\u00f3n en el horario de despacho de mercanc\u00edas de importaci\u00f3n, que ahora podr\u00e1 ser procesada para salida durante los fines de semana.<\/p>\n\n\n\n<p class=\"has-text-align-justify\">El anuncio fue hecho durante una rueda de prensa, donde ambas entidades precisaron que la iniciativa conjunta tiene como objetivo ofrecer un mejor servicio a los clientes, en especial a los grandes contribuyentes y operadores log\u00edsticos del pa\u00eds, aportando mayor agilidad a los despachos de cargas de importaci\u00f3n, y mejorando significativamente el flujo del comercio.<\/p>\n\n\n\n<p>La medida iniciar\u00e1 el 1 de diciembre y ser\u00e1 desde el lunes a las 6 a. m. hasta los s\u00e1bados a la medianoche; y los domingos de 7:00 a. m. a 5:00 p. m.<\/p>\n\n\n\n<p class=\"has-text-align-justify\">Daniel Pe\u00f1a, subdirector de Aduanas, afirm\u00f3 que continuar\u00e1n con los esfuerzos para modernizar y optimizar las operaciones log\u00edsticas en los puertos. As\u00ed como tambi\u00e9n, mejorar la eficiencia en respuesta a las necesidades de las empresas y el comercio internacional.<\/p>\n\n\n\n<p class=\"has-text-align-justify\">\u201cEsta iniciativa busca aportar a la disminuci\u00f3n de veh\u00edculos pesados del tr\u00e1fico en la ciudad de Santo Domingo, d\u00e1ndole la oportunidad a los grandes contribuyentes de realizar sus transacciones en horarios extendidos durante los fines de semana, cuando, regularmente, hay menor tr\u00e1nsito. Esperamos que esta medida facilite la reducci\u00f3n paulatina de la circulaci\u00f3n de veh\u00edculos pesados en la ciudad en d\u00edas de la semana, precisamente durante esta temporada de alto flujo comercial\u201d, expres\u00f3 Pe\u00f1a.<\/p>\n\n\n\n<p class=\"has-text-align-justify\">De su lado, Manuel Mart\u00ednez, CEO de DP World Dominicana, mencion\u00f3 que los vol\u00famenes de carga de importaci\u00f3n en la terminal portuaria de DP World Dominicana han incrementado significativamente, llegando a registrarse un crecimiento de un 48 % en los \u00faltimos cinco a\u00f1os y de un 8 % comparado con 2023. En ese sentido, a\u00f1adi\u00f3 que, en estos \u00faltimos tres a\u00f1os, tambi\u00e9n, se ha registrado un incremento de un 20 % en los despachos de importaci\u00f3n, y que solo en este a\u00f1o ha aumentado en un 12 %, con relaci\u00f3n a 2023.<\/p>\n\n\n<div class=\"wp-block-image\">\n<figure class=\"aligncenter size-large\"><img decoding=\"async\" src=\"https:\/\/xco-images.nyc3.digitaloceanspaces.com\/panoramatv.com.do\/wp-content\/uploads\/2024\/11\/0-21-1024x797.jpg\" alt=\"\" class=\"wp-image-17051\"\/><figcaption class=\"wp-element-caption\">DGA y DP WORLD anuncian ampliaci\u00f3n de horario en despacho de mercanc\u00edas<\/figcaption><\/figure>\n<\/div>","protected":false},"excerpt":{"rendered":"<p>Santo Domingo, RD.&nbsp;La Direcci\u00f3n General de Aduanas (DGA) y la empresa de soluciones log\u00edsticas, DP World Dominicana anunciaron una extensi\u00f3n en el horario de despacho de mercanc\u00edas de importaci\u00f3n, que ahora podr\u00e1 ser procesada para salida durante los fines de semana. El anuncio fue hecho durante una rueda de prensa, donde ambas entidades precisaron que [&hellip;]<\/p>\n","protected":false},"author":1,"featured_media":17050,"comment_status":"open","ping_status":"open","sticky":false,"template":"","format":"standard","meta":{"_jetpack_memberships_contains_paid_content":false,"footnotes":"","jetpack_publicize_message":"","jetpack_publicize_feature_enabled":true,"jetpack_social_post_already_shared":true,"jetpack_social_options":{"image_generator_settings":{"template":"highway","enabled":false}}},"categories":[1],"tags":[1261,2886],"class_list":["post-17049","post","type-post","status-publish","format-standard","has-post-thumbnail","hentry","category-actualidad","tag-direccion-general-de-aduanas","tag-dp-world-dominicana"],"jetpack_publicize_connections":[],"jetpack_sharing_enabled":true,"jetpack_featured_media_url":"https:\/\/panoramatv.com.do\/wp-content\/uploads\/2024\/11\/0-20-1144x890.jpg","jetpack_likes_enabled":true,"jetpack-related-posts":[],"_links":{"self":[{"href":"https:\/\/panoramatv.com.do\/index.php\/wp-json\/wp\/v2\/posts\/17049","targetHints":{"allow":["GET"]}}],"collection":[{"href":"https:\/\/panoramatv.com.do\/index.php\/wp-json\/wp\/v2\/posts"}],"about":[{"href":"https:\/\/panoramatv.com.do\/index.php\/wp-json\/wp\/v2\/types\/post"}],"author":[{"embeddable":true,"href":"https:\/\/panoramatv.com.do\/index.php\/wp-json\/wp\/v2\/users\/1"}],"replies":[{"embeddable":true,"href":"https:\/\/panoramatv.com.do\/index.php\/wp-json\/wp\/v2\/comments?post=17049"}],"version-history":[{"count":0,"href":"https:\/\/panoramatv.com.do\/index.php\/wp-json\/wp\/v2\/posts\/17049\/revisions"}],"wp:featuredmedia":[{"embeddable":true,"href":"https:\/\/panoramatv.com.do\/index.php\/wp-json\/wp\/v2\/media\/17050"}],"wp:attachment":[{"href":"https:\/\/panoramatv.com.do\/index.php\/wp-json\/wp\/v2\/media?parent=17049"}],"wp:term":[{"taxonomy":"category","embeddable":true,"href":"https:\/\/panoramatv.com.do\/index.php\/wp-json\/wp\/v2\/categories?post=17049"},{"taxonomy":"post_tag","embeddable":true,"href":"https:\/\/panoramatv.com.do\/index.php\/wp-json\/wp\/v2\/tags?post=17049"}],"curies":[{"name":"wp","href":"https:\/\/api.w.org\/{rel}","templated":true}]}}