{"id":17002,"date":"2024-11-19T15:54:55","date_gmt":"2024-11-19T19:54:55","guid":{"rendered":"https:\/\/panoramatv.com.do\/?p=17002"},"modified":"2024-11-19T15:55:03","modified_gmt":"2024-11-19T19:55:03","slug":"carolina-mejia-lleva-charlas-sobre-manejo-de-residuos-y-ciudadania-a-centros-educativos","status":"publish","type":"post","link":"https:\/\/panoramatv.com.do\/index.php\/2024\/11\/19\/carolina-mejia-lleva-charlas-sobre-manejo-de-residuos-y-ciudadania-a-centros-educativos\/","title":{"rendered":"Carolina Mej\u00eda lleva charlas sobre manejo de residuos y ciudadan\u00eda a centros educativos"},"content":{"rendered":"\n<p>Santo Domingo, DN \u2013 Como parte del programa La Alcald\u00eda Llega a Ti, la alcaldesa Carolina Mej\u00eda lleva a centros educativos charlas sobre el manejo de residuos s\u00f3lidos, el reciclaje y el funcionamiento en general del ayuntamiento.<\/p>\n\n\n\n<p>Mej\u00eda ha sostenido conversaciones con estudiantes del Instituto Polit\u00e9cnico Bartolom\u00e9 Vegh, Carol Morgan School, Notre Dame School y Ashton School, donde tambi\u00e9n ha dado respuestas a sus inquietudes.<\/p>\n\n\n\n<p>\u201cLa Alcald\u00eda Llega a Ti es uno de los programas que desarrollamos en la Alcald\u00eda del Distrito Nacional y la idea es fomentar el di\u00e1logo y sobre todo nosotros los sectores p\u00fablicos, ponerle atenci\u00f3n a lo que piensa la gente, a lo que dice la gente, a lo que siente el ciudadano y en qu\u00e9 funci\u00f3n de eso dar respuestas\u201d, explic\u00f3 Carolina Mej\u00eda.<\/p>\n\n\n\n<p>La ejecutiva municipal ha enfatizado en la necesidad de que los j\u00f3venes tomen conciencia sobre la responsabilidad ciudadana en el manejo de los residuos y el pago de la recogida de estos, para tener un futuro m\u00e1s sostenible como ciudad.<\/p>\n\n\n\n<p>\u201cUna de las oportunidades que tenemos es que los ciudadanos nos ayuden a tener la ciudad que merecemos, en la medida en que sacamos los desechos en los horarios en que nosotros limpiamos\u201d, sostuvo.<\/p>\n\n\n\n<p>Expres\u00f3 su gran compromiso siendo servidora p\u00fablica, porque en esta \u00e1rea recibe una satisfacci\u00f3n que supera con creces el trabajo tan grande que realiza junto a su equipo.<\/p>\n\n\n\n<figure class=\"wp-block-gallery has-nested-images columns-default is-cropped wp-block-gallery-1 is-layout-flex wp-block-gallery-is-layout-flex\">\n<figure class=\"wp-block-image size-large\"><img decoding=\"async\" data-id=\"17004\" src=\"https:\/\/xco-images.nyc3.digitaloceanspaces.com\/panoramatv.com.do\/wp-content\/uploads\/2024\/11\/1-6-1024x771.jpg\" alt=\"\" class=\"wp-image-17004\"\/><figcaption class=\"wp-element-caption\">Carolina Mej\u00eda lleva charlas sobre manejo de residuos y ciudadan\u00eda a centros educativos<\/figcaption><\/figure>\n\n\n\n<figure class=\"wp-block-image size-large\"><img decoding=\"async\" data-id=\"17003\" src=\"https:\/\/xco-images.nyc3.digitaloceanspaces.com\/panoramatv.com.do\/wp-content\/uploads\/2024\/11\/0-11-1024x771.jpg\" alt=\"\" class=\"wp-image-17003\"\/><\/figure>\n<\/figure>\n","protected":false},"excerpt":{"rendered":"<p>Santo Domingo, DN \u2013 Como parte del programa La Alcald\u00eda Llega a Ti, la alcaldesa Carolina Mej\u00eda lleva a centros educativos charlas sobre el manejo de residuos s\u00f3lidos, el reciclaje y el funcionamiento en general del ayuntamiento. Mej\u00eda ha sostenido conversaciones con estudiantes del Instituto Polit\u00e9cnico Bartolom\u00e9 Vegh, Carol Morgan School, Notre Dame School y [&hellip;]<\/p>\n","protected":false},"author":1,"featured_media":17003,"comment_status":"open","ping_status":"open","sticky":false,"template":"","format":"standard","meta":{"_jetpack_memberships_contains_paid_content":false,"footnotes":"","jetpack_publicize_message":"","jetpack_publicize_feature_enabled":true,"jetpack_social_post_already_shared":true,"jetpack_social_options":{"image_generator_settings":{"template":"highway","enabled":false}}},"categories":[2795],"tags":[1004,3555],"class_list":["post-17002","post","type-post","status-publish","format-standard","has-post-thumbnail","hentry","category-alcaldia-distrito-nacional","tag-carolina-mejia","tag-centros-educativos"],"jetpack_publicize_connections":[],"jetpack_sharing_enabled":true,"jetpack_featured_media_url":"https:\/\/panoramatv.com.do\/wp-content\/uploads\/2024\/11\/0-11-1171x882.jpg","jetpack_likes_enabled":true,"jetpack-related-posts":[],"_links":{"self":[{"href":"https:\/\/panoramatv.com.do\/index.php\/wp-json\/wp\/v2\/posts\/17002","targetHints":{"allow":["GET"]}}],"collection":[{"href":"https:\/\/panoramatv.com.do\/index.php\/wp-json\/wp\/v2\/posts"}],"about":[{"href":"https:\/\/panoramatv.com.do\/index.php\/wp-json\/wp\/v2\/types\/post"}],"author":[{"embeddable":true,"href":"https:\/\/panoramatv.com.do\/index.php\/wp-json\/wp\/v2\/users\/1"}],"replies":[{"embeddable":true,"href":"https:\/\/panoramatv.com.do\/index.php\/wp-json\/wp\/v2\/comments?post=17002"}],"version-history":[{"count":0,"href":"https:\/\/panoramatv.com.do\/index.php\/wp-json\/wp\/v2\/posts\/17002\/revisions"}],"wp:featuredmedia":[{"embeddable":true,"href":"https:\/\/panoramatv.com.do\/index.php\/wp-json\/wp\/v2\/media\/17003"}],"wp:attachment":[{"href":"https:\/\/panoramatv.com.do\/index.php\/wp-json\/wp\/v2\/media?parent=17002"}],"wp:term":[{"taxonomy":"category","embeddable":true,"href":"https:\/\/panoramatv.com.do\/index.php\/wp-json\/wp\/v2\/categories?post=17002"},{"taxonomy":"post_tag","embeddable":true,"href":"https:\/\/panoramatv.com.do\/index.php\/wp-json\/wp\/v2\/tags?post=17002"}],"curies":[{"name":"wp","href":"https:\/\/api.w.org\/{rel}","templated":true}]}}