{"id":16744,"date":"2024-10-11T17:26:20","date_gmt":"2024-10-11T21:26:20","guid":{"rendered":"https:\/\/panoramatv.com.do\/?p=16744"},"modified":"2024-10-11T17:26:33","modified_gmt":"2024-10-11T21:26:33","slug":"ministro-santos-echavarria-se-desarrollan-30-proyectos-de-generacion-electrica-para-suplir-demanda-creciente","status":"publish","type":"post","link":"https:\/\/panoramatv.com.do\/index.php\/2024\/10\/11\/ministro-santos-echavarria-se-desarrollan-30-proyectos-de-generacion-electrica-para-suplir-demanda-creciente\/","title":{"rendered":"Ministro Santos Echavarr\u00eda: Se desarrollan 30 proyectos de generaci\u00f3n el\u00e9ctrica para suplir demanda creciente"},"content":{"rendered":"\n<p class=\"has-text-align-justify\"><strong>SANTO DOMINGO. &#8211;<\/strong>&nbsp;El ministro de Energ\u00eda y Minas (MEM), Joel Santos Echavarr\u00eda, inform\u00f3 que en la actualidad se desarrollan 30 proyectos de generaci\u00f3n el\u00e9ctrica que inyectar\u00e1n a las redes 3,200 megavatios para cubrir, en este cuatrienio, la demanda energ\u00e9tica que registra el pa\u00eds, debido al crecimiento econ\u00f3mico de Rep\u00fablica Dominicana y a las altas temperaturas reinantes en el pa\u00eds.<\/p>\n\n\n\n<p class=\"has-text-align-justify\">Santos Echavarr\u00eda habl\u00f3 al participar en el panel \u201cGeneraci\u00f3n y Transmisi\u00f3n El\u00e9ctrica\u201d, organizado por el Instituto Tecnol\u00f3gico de Santo Domingo (Intec) y la Asociaci\u00f3n Dominicana de la Industria El\u00e9ctrica (ADIE), en el cual detall\u00f3 que, de estos proyectos, 2,200 megavatios son de energ\u00eda t\u00e9rmica y otros 1,000 megavatios de fuentes renovables, que entrar\u00e1n al sistema en la actual gesti\u00f3n.<\/p>\n\n\n\n<p class=\"has-text-align-justify\">Asegur\u00f3 que la inyecci\u00f3n de fuentes limpias a las redes, adem\u00e1s de diversificar la matriz energ\u00e9tica, ayuda al pa\u00eds a descarbonizar la econom\u00eda con una energ\u00eda amigable con el medio ambiente.<\/p>\n\n\n\n<p class=\"has-text-align-justify\">El ministro indic\u00f3 que la demanda el\u00e9ctrica aument\u00f3 un 6.8% en el 2023 y lleva un ritmo de crecimiento de 8.3% en el 2024, por lo que el Gobierno contin\u00faa apoyando nuevos proyectos de generaci\u00f3n para suplir la creciente demanda que se registrar\u00e1 en los pr\u00f3ximos a\u00f1os.<\/p>\n\n\n\n<p class=\"has-text-align-justify\">\u201cTenemos un comit\u00e9 de seguimiento de estos proyectos para velar que entren en funcionamiento a la mayor brevedad. Nuestro objetivo es tener una oferta superior a la demanda, y en ese sentido estamos trabajando\u201d, expres\u00f3 Santos Echavarr\u00eda.&nbsp;<\/p>\n\n\n\n<p class=\"has-text-align-justify\">En el panel estuvieron Jaime Aristy Escuder, exadministrador de Punta Catalina; Rub\u00e9n Jim\u00e9nez Bichara, exadministrador de la CDEEE; Roberto Herrera, presidente de ADIE, y Edy Jim\u00e9nez, vicepresidente comercial de AES Dominicana, fue moderado por Roberto Cavada, y Shajira Nazir, decana de Econom\u00eda y Negocios de Intec.<\/p>\n\n\n<div class=\"wp-block-image\">\n<figure class=\"aligncenter size-large\"><img decoding=\"async\" src=\"https:\/\/xco-images.nyc3.digitaloceanspaces.com\/panoramatv.com.do\/wp-content\/uploads\/2024\/10\/0-18-1024x684.jpg\" alt=\"\" class=\"wp-image-16745\"\/><figcaption class=\"wp-element-caption\">Ministro Santos Echavarr\u00eda: Se desarrollan 30 proyectos de generaci\u00f3n el\u00e9ctrica para suplir demanda creciente<\/figcaption><\/figure><\/div>","protected":false},"excerpt":{"rendered":"<p>SANTO DOMINGO. &#8211;&nbsp;El ministro de Energ\u00eda y Minas (MEM), Joel Santos Echavarr\u00eda, inform\u00f3 que en la actualidad se desarrollan 30 proyectos de generaci\u00f3n el\u00e9ctrica que inyectar\u00e1n a las redes 3,200 megavatios para cubrir, en este cuatrienio, la demanda energ\u00e9tica que registra el pa\u00eds, debido al crecimiento econ\u00f3mico de Rep\u00fablica Dominicana y a las altas temperaturas [&hellip;]<\/p>\n","protected":false},"author":1,"featured_media":16745,"comment_status":"open","ping_status":"open","sticky":false,"template":"","format":"standard","meta":{"_jetpack_memberships_contains_paid_content":false,"footnotes":"","jetpack_publicize_message":"","jetpack_publicize_feature_enabled":true,"jetpack_social_post_already_shared":false,"jetpack_social_options":{"image_generator_settings":{"template":"highway","enabled":false}}},"categories":[2791],"tags":[589],"class_list":["post-16744","post","type-post","status-publish","format-standard","has-post-thumbnail","hentry","category-energia","tag-energia"],"jetpack_publicize_connections":[],"jetpack_sharing_enabled":true,"jetpack_featured_media_url":"https:\/\/images.panoramatv.com.do\/wp-content\/uploads\/2024\/10\/0-18-1362x910.jpg","jetpack_likes_enabled":true,"jetpack-related-posts":[],"_links":{"self":[{"href":"https:\/\/panoramatv.com.do\/index.php\/wp-json\/wp\/v2\/posts\/16744"}],"collection":[{"href":"https:\/\/panoramatv.com.do\/index.php\/wp-json\/wp\/v2\/posts"}],"about":[{"href":"https:\/\/panoramatv.com.do\/index.php\/wp-json\/wp\/v2\/types\/post"}],"author":[{"embeddable":true,"href":"https:\/\/panoramatv.com.do\/index.php\/wp-json\/wp\/v2\/users\/1"}],"replies":[{"embeddable":true,"href":"https:\/\/panoramatv.com.do\/index.php\/wp-json\/wp\/v2\/comments?post=16744"}],"version-history":[{"count":0,"href":"https:\/\/panoramatv.com.do\/index.php\/wp-json\/wp\/v2\/posts\/16744\/revisions"}],"wp:featuredmedia":[{"embeddable":true,"href":"https:\/\/panoramatv.com.do\/index.php\/wp-json\/wp\/v2\/media\/16745"}],"wp:attachment":[{"href":"https:\/\/panoramatv.com.do\/index.php\/wp-json\/wp\/v2\/media?parent=16744"}],"wp:term":[{"taxonomy":"category","embeddable":true,"href":"https:\/\/panoramatv.com.do\/index.php\/wp-json\/wp\/v2\/categories?post=16744"},{"taxonomy":"post_tag","embeddable":true,"href":"https:\/\/panoramatv.com.do\/index.php\/wp-json\/wp\/v2\/tags?post=16744"}],"curies":[{"name":"wp","href":"https:\/\/api.w.org\/{rel}","templated":true}]}}