{"id":16523,"date":"2024-09-23T12:18:34","date_gmt":"2024-09-23T16:18:34","guid":{"rendered":"https:\/\/panoramatv.com.do\/?p=16523"},"modified":"2024-09-23T12:18:45","modified_gmt":"2024-09-23T16:18:45","slug":"coctel-eutopias-anticipo-de-la-xii-bienal-internacional-de-arquitectura-y-urbanismo-rd","status":"publish","type":"post","link":"https:\/\/panoramatv.com.do\/index.php\/2024\/09\/23\/coctel-eutopias-anticipo-de-la-xii-bienal-internacional-de-arquitectura-y-urbanismo-rd\/","title":{"rendered":"C\u00f3ctel Eutop\u00edas: Anticipo de la XII Bienal Internacional de Arquitectura y Urbanismo RD."},"content":{"rendered":"\n<p class=\"has-text-align-justify\">La Sociedad de Arquitectos Dominicanos (SARD) llev\u00f3 a cabo con gran \u00e9xito el&nbsp;<strong>c\u00f3ctel Eutop\u00edas<\/strong>, un evento que tuvo lugar en el exclusivo Rooftop de Marmotech. Este encuentro congreg\u00f3 a profesionales, acad\u00e9micos y entusiastas del sector de la arquitectura, quienes se dieron cita para conocer los pormenores de la pr\u00f3xima edici\u00f3n de la XII Bienal Internacional de Arquitectura y Urbanismo de la Rep\u00fablica Dominicana (BIAURD 2024).<\/p>\n\n\n\n<p class=\"has-text-align-justify\">Gabriela Subero, Gerente de Mercadeo de Marmotech, dio la bienvenida a los asistentes al c\u00f3ctel previo a la XII Bienal Internacional de Arquitectura y Urbanismo de la Rep\u00fablica Dominicana, destacando el compromiso de la empresa con el talento local y su apoyo a plataformas que promueven la innovaci\u00f3n y la transformaci\u00f3n en la arquitectura y el urbanismo. \u201cEn Marmotech, fomentamos el desarrollo de espacios que reconocen, educan e incentivan a nuestra sociedad a adoptar tendencias sostenibles y conscientes con el medio ambiente\u201d, expres\u00f3 Subero. La representante agradeci\u00f3 a los invitados especiales y reconoci\u00f3 a la Sociedad de Arquitectos y al Ministerio de Cultura por confiar en Marmotech como anfitriones de esta edici\u00f3n, resaltando que su Design Center est\u00e1 dise\u00f1ado para inspirar a arquitectos, dise\u00f1adores e ingenieros a imaginar, dise\u00f1ar y construir espacios que reflejen la identidad cultural dominicana.<\/p>\n\n\n\n<p class=\"has-text-align-justify\">El Excmo. Se\u00f1or Embajador de Italia en la Rep\u00fablica Dominicana, Steffano Queirolo Palmas, expres\u00f3 su agradecimiento a la Sociedad de Arquitectos de la Rep\u00fablica Dominicana por seleccionar a Italia como pa\u00eds invitado. Resalt\u00f3 la profunda conexi\u00f3n arquitect\u00f3nica entre ambas naciones, reflejada en la continua colaboraci\u00f3n y la significativa presencia de profesionales italianos en el pa\u00eds. Esta relaci\u00f3n ha enriquecido el paisaje urbano dominicano con edificaciones que combinan la historia y la modernidad, creando un entorno \u00fanico donde la tradici\u00f3n y la innovaci\u00f3n se entrelazan.<\/p>\n\n\n\n<p class=\"has-text-align-justify\">Adis Ozuna, presidenta de la Sociedad de Arquitectos de la Rep\u00fablica Dominicana, anunci\u00f3 detalles sobre la pr\u00f3xima edici\u00f3n de la Bienal de Arquitectura, destacando que, por primera vez, el evento contar\u00e1 con una exposici\u00f3n en un segundo enclave. Este a\u00f1o, la bienal se desarrollar\u00e1 en dos sedes de gran importancia: el Museo de Arte Moderno en Santo Domingo, con exposiciones y conferencias, y el Centro Le\u00f3n en Santiago en donde se llevar\u00e1n a cabo de manera paralela una serie de conferencias alusivas a los temas neur\u00e1lgicos de la bienal. Ambas instituciones, reconocidas por su compromiso con el arte y la cultura, ser\u00e1n escenarios ideales para exhibir proyectos que exploran la interacci\u00f3n entre la arquitectura y la comunidad, subray\u00f3 Ozuna.<\/p>\n\n\n\n<p class=\"has-text-align-justify\">Adem\u00e1s, Ozuna inform\u00f3 que la d\u00e9cima segunda edici\u00f3n de la Bienal de Arquitectura coincidir\u00e1 con la Feria del Libro, ofreciendo a los asistentes una rica agenda de conferencias y conversatorios que se llevar\u00e1n a cabo del 5 al 9 de noviembre. La exposici\u00f3n estar\u00e1 abierta al p\u00fablico de forma gratuita hasta el 31 de diciembre, brindando una oportunidad \u00fanica para disfrutar de las innovaciones arquitect\u00f3nicas presentadas en el evento.<\/p>\n\n\n\n<p class=\"has-text-align-justify\">Esta convocatoria es una oportunidad para que arquitectos, urbanistas y dise\u00f1adores de diversas partes del mundo compartan sus visiones, propuestas y proyectos innovadores que busquen transformar y mejorar nuestros entornos, concluy\u00f3 la presidenta de la SARD.<\/p>\n\n\n\n<p class=\"has-text-align-justify\">El cierre del evento estuvo a cargo del Arq. Gamal Michelen, viceministro de Patrimonio Cultural del Ministerio de Cultura de la Rep\u00fablica Dominicana, quien resalt\u00f3 la arquitectura como una forma vital de expresi\u00f3n art\u00edstica y cultural de los pueblos. Michelen reafirm\u00f3 el compromiso del gobierno central con el impulso del arte y la cultura, as\u00ed como su inter\u00e9s en promover un nuevo enfoque de planificaci\u00f3n urban\u00edstica en el pa\u00eds, alineado con las demandas y tendencias contempor\u00e1neas.<\/p>\n\n\n\n<p class=\"has-text-align-justify\">Figuras como Francesco Gravina, presidente de la Uni\u00f3n de Escuelas y Facultades de Arquitectura de la Rep\u00fablica Dominicana, el Arq. Carlos Peguero, viceministro de cooperaci\u00f3n internacional del MITUR, el Arq. Erick Dorrejo, director de desarrollo fronterizo del Ministerio de Econom\u00eda, Planificaci\u00f3n y Hacienda y el Arq. Sixto Brea, director del CEIZTUR, estuvieron presentes en el encuentro el cual concluy\u00f3 con un brindis especial ofrecido por Marmotech,&nbsp;&nbsp;donde se reflej\u00f3 un ambiente de franca camarader\u00eda entre los asistentes y una extensa cobertura de la prensa nacional.<\/p>\n\n\n<div class=\"wp-block-image\">\n<figure class=\"aligncenter size-large\"><img decoding=\"async\" src=\"https:\/\/xco-images.nyc3.digitaloceanspaces.com\/panoramatv.com.do\/wp-content\/uploads\/2024\/09\/0-26-1024x822.jpg\" alt=\"\" class=\"wp-image-16524\"\/><figcaption class=\"wp-element-caption\">C\u00f3ctel Eutop\u00edas: Anticipo de la XII Bienal Internacional de Arquitectura y Urbanismo RD.<br><br><\/figcaption><\/figure>\n<\/div>","protected":false},"excerpt":{"rendered":"<p>La Sociedad de Arquitectos Dominicanos (SARD) llev\u00f3 a cabo con gran \u00e9xito el&nbsp;c\u00f3ctel Eutop\u00edas, un evento que tuvo lugar en el exclusivo Rooftop de Marmotech. Este encuentro congreg\u00f3 a profesionales, acad\u00e9micos y entusiastas del sector de la arquitectura, quienes se dieron cita para conocer los pormenores de la pr\u00f3xima edici\u00f3n de la XII Bienal Internacional [&hellip;]<\/p>\n","protected":false},"author":1,"featured_media":16524,"comment_status":"open","ping_status":"open","sticky":false,"template":"","format":"standard","meta":{"_jetpack_memberships_contains_paid_content":false,"footnotes":"","jetpack_publicize_message":"","jetpack_publicize_feature_enabled":true,"jetpack_social_post_already_shared":true,"jetpack_social_options":{"image_generator_settings":{"template":"highway","enabled":false}}},"categories":[10],"tags":[3484,3497],"class_list":["post-16523","post","type-post","status-publish","format-standard","has-post-thumbnail","hentry","category-panorama-social","tag-arquitectura","tag-bienal-internacional"],"jetpack_publicize_connections":[],"jetpack_sharing_enabled":true,"jetpack_featured_media_url":"https:\/\/panoramatv.com.do\/wp-content\/uploads\/2024\/09\/0-26-1134x910.jpg","jetpack_likes_enabled":true,"jetpack-related-posts":[],"_links":{"self":[{"href":"https:\/\/panoramatv.com.do\/index.php\/wp-json\/wp\/v2\/posts\/16523","targetHints":{"allow":["GET"]}}],"collection":[{"href":"https:\/\/panoramatv.com.do\/index.php\/wp-json\/wp\/v2\/posts"}],"about":[{"href":"https:\/\/panoramatv.com.do\/index.php\/wp-json\/wp\/v2\/types\/post"}],"author":[{"embeddable":true,"href":"https:\/\/panoramatv.com.do\/index.php\/wp-json\/wp\/v2\/users\/1"}],"replies":[{"embeddable":true,"href":"https:\/\/panoramatv.com.do\/index.php\/wp-json\/wp\/v2\/comments?post=16523"}],"version-history":[{"count":0,"href":"https:\/\/panoramatv.com.do\/index.php\/wp-json\/wp\/v2\/posts\/16523\/revisions"}],"wp:featuredmedia":[{"embeddable":true,"href":"https:\/\/panoramatv.com.do\/index.php\/wp-json\/wp\/v2\/media\/16524"}],"wp:attachment":[{"href":"https:\/\/panoramatv.com.do\/index.php\/wp-json\/wp\/v2\/media?parent=16523"}],"wp:term":[{"taxonomy":"category","embeddable":true,"href":"https:\/\/panoramatv.com.do\/index.php\/wp-json\/wp\/v2\/categories?post=16523"},{"taxonomy":"post_tag","embeddable":true,"href":"https:\/\/panoramatv.com.do\/index.php\/wp-json\/wp\/v2\/tags?post=16523"}],"curies":[{"name":"wp","href":"https:\/\/api.w.org\/{rel}","templated":true}]}}