{"id":16502,"date":"2024-09-23T11:55:36","date_gmt":"2024-09-23T15:55:36","guid":{"rendered":"https:\/\/panoramatv.com.do\/?p=16502"},"modified":"2024-09-23T11:55:49","modified_gmt":"2024-09-23T15:55:49","slug":"diesco-es-doblemente-galardonada-en-los-premios-proindustria-a-la-innovacion-2024","status":"publish","type":"post","link":"https:\/\/panoramatv.com.do\/index.php\/2024\/09\/23\/diesco-es-doblemente-galardonada-en-los-premios-proindustria-a-la-innovacion-2024\/","title":{"rendered":"Diesco es doblemente galardonada en los Premios Proindustria a la Innovaci\u00f3n 2024"},"content":{"rendered":"\n<p>Estos reconocimientos refuerzan la posici\u00f3n de Diesco como una de las empresas l\u00edderes en innovaci\u00f3n dentro de la industria manufacturera dominicana, reafirmando su compromiso con la excelencia y su capacidad para enfrentar los retos del sector con creatividad y visi\u00f3n estrat\u00e9gica.<\/p>\n\n\n\n<p>El Centro de Desarrollo y Competitividad Industrial (Proindustria) celebr\u00f3 la segunda entrega de su Reconocimiento a la Innovaci\u00f3n Industrial Manufacturera, en la que Diesco fue premiada en dos importantes categor\u00edas: \u201cInnovaci\u00f3n en Producto\u201d e \u201cimplementaci\u00f3n de pol\u00edticas y acciones con enfoque de g\u00e9nero en su organizaci\u00f3n\u00bb.<\/p>\n\n\n\n<p>&nbsp;En esta edici\u00f3n, se resalt\u00f3 la capacidad de Diesco para desarrollar productos innovadores y su alto nivel de competitividad en Pac Tech Internacional y Polyplas Dominicana, destac\u00e1ndose en la fabricaci\u00f3n del Gal\u00f3n PET 100% reciclable, un verdadero hito en el mercado de Am\u00e9rica Latina que reafirma el compromiso de la empresa con la sostenibilidad y la innovaci\u00f3n.<\/p>\n\n\n\n<p>&nbsp;A su vez, Diesco fue reconocida por el impacto positivo, en sus pol\u00edticas y acciones con enfoque de g\u00e9nero e igualdad, subrayando su compromiso con el liderazgo femenino dentro de la industria.<\/p>\n\n\n\n<p>&nbsp;El acto estuvo encabezado por Rafael Cruz Rodr\u00edguez, director general de Proindustria; Fantino Polanco, viceministro de Desarrollo Industria, en representaci\u00f3n del presidente del Consejo Directivo de Proindustria Ito Bisono; Ilonka Acosta, directora de Servicios de Apoyo a la Industria de Proindustria, y diversas personalidades del \u00e1mbito empresarial.<\/p>\n\n\n\n<p>&nbsp;Manuel Diez, CEO de Diesco, expres\u00f3 su agradecimiento por la distinci\u00f3n recibida \u201ceste doble galard\u00f3n es un testimonio del esfuerzo constante de nuestro equipo por innovar y mejorar cada d\u00eda. En Diesco, estamos comprometidos con la creaci\u00f3n de soluciones que no solo satisfacen las necesidades del mercado, sino que tambi\u00e9n contribuyen al desarrollo sostenible de nuestra industria y nuestro pa\u00eds\u201d.<\/p>\n\n\n\n<p>&nbsp;La premiaci\u00f3n, organizada por la Direcci\u00f3n de Servicios de Apoyo a la Industria de Proindustria, busca promover el crecimiento y la competitividad en la industria dominicana, reconociendo la creatividad y la innovaci\u00f3n que impulsan el desarrollo econ\u00f3mico del pa\u00eds.<\/p>\n\n\n\n<figure class=\"wp-block-image size-large\"><img decoding=\"async\" src=\"https:\/\/xco-images.nyc3.digitaloceanspaces.com\/panoramatv.com.do\/wp-content\/uploads\/2024\/09\/0-21-1024x683.jpg\" alt=\"\" class=\"wp-image-16503\"\/><\/figure>\n","protected":false},"excerpt":{"rendered":"<p>Estos reconocimientos refuerzan la posici\u00f3n de Diesco como una de las empresas l\u00edderes en innovaci\u00f3n dentro de la industria manufacturera dominicana, reafirmando su compromiso con la excelencia y su capacidad para enfrentar los retos del sector con creatividad y visi\u00f3n estrat\u00e9gica. El Centro de Desarrollo y Competitividad Industrial (Proindustria) celebr\u00f3 la segunda entrega de su [&hellip;]<\/p>\n","protected":false},"author":1,"featured_media":16503,"comment_status":"open","ping_status":"open","sticky":false,"template":"","format":"standard","meta":{"_jetpack_memberships_contains_paid_content":false,"footnotes":"","jetpack_publicize_message":"","jetpack_publicize_feature_enabled":true,"jetpack_social_post_already_shared":true,"jetpack_social_options":{"image_generator_settings":{"template":"highway","enabled":false}}},"categories":[1],"tags":[3492,73],"class_list":["post-16502","post","type-post","status-publish","format-standard","has-post-thumbnail","hentry","category-actualidad","tag-innovacion-2024","tag-proindustria"],"jetpack_publicize_connections":[],"jetpack_sharing_enabled":true,"jetpack_featured_media_url":"https:\/\/panoramatv.com.do\/wp-content\/uploads\/2024\/09\/0-21-1365x910.jpg","jetpack_likes_enabled":true,"jetpack-related-posts":[],"_links":{"self":[{"href":"https:\/\/panoramatv.com.do\/index.php\/wp-json\/wp\/v2\/posts\/16502","targetHints":{"allow":["GET"]}}],"collection":[{"href":"https:\/\/panoramatv.com.do\/index.php\/wp-json\/wp\/v2\/posts"}],"about":[{"href":"https:\/\/panoramatv.com.do\/index.php\/wp-json\/wp\/v2\/types\/post"}],"author":[{"embeddable":true,"href":"https:\/\/panoramatv.com.do\/index.php\/wp-json\/wp\/v2\/users\/1"}],"replies":[{"embeddable":true,"href":"https:\/\/panoramatv.com.do\/index.php\/wp-json\/wp\/v2\/comments?post=16502"}],"version-history":[{"count":0,"href":"https:\/\/panoramatv.com.do\/index.php\/wp-json\/wp\/v2\/posts\/16502\/revisions"}],"wp:featuredmedia":[{"embeddable":true,"href":"https:\/\/panoramatv.com.do\/index.php\/wp-json\/wp\/v2\/media\/16503"}],"wp:attachment":[{"href":"https:\/\/panoramatv.com.do\/index.php\/wp-json\/wp\/v2\/media?parent=16502"}],"wp:term":[{"taxonomy":"category","embeddable":true,"href":"https:\/\/panoramatv.com.do\/index.php\/wp-json\/wp\/v2\/categories?post=16502"},{"taxonomy":"post_tag","embeddable":true,"href":"https:\/\/panoramatv.com.do\/index.php\/wp-json\/wp\/v2\/tags?post=16502"}],"curies":[{"name":"wp","href":"https:\/\/api.w.org\/{rel}","templated":true}]}}