{"id":16255,"date":"2024-08-19T18:15:48","date_gmt":"2024-08-19T22:15:48","guid":{"rendered":"https:\/\/panoramatv.com.do\/?p=16255"},"modified":"2024-08-19T18:16:00","modified_gmt":"2024-08-19T22:16:00","slug":"mem-reforzara-apoyo-a-laboratorio-de-aduanas-para-la-investigacion-de-tierras-raras","status":"publish","type":"post","link":"https:\/\/panoramatv.com.do\/index.php\/2024\/08\/19\/mem-reforzara-apoyo-a-laboratorio-de-aduanas-para-la-investigacion-de-tierras-raras\/","title":{"rendered":"MEM reforzar\u00e1 apoyo a laboratorio de Aduanas para la investigaci\u00f3n de tierras raras"},"content":{"rendered":"\n<p class=\"has-text-align-justify\">El Ministerio de Energ\u00eda y Minas (MEM) acord\u00f3 con la Direcci\u00f3n General de Aduanas (DGA) fortalecer el apoyo a su laboratorio, para el desarrollo de las investigaciones que se realizan en el marco del \u201cProyecto de Exploraci\u00f3n de Elementos de Tierras Raras\u201d, considerado de alto inter\u00e9s nacional.<\/p>\n\n\n\n<p class=\"has-text-align-justify\">Mediante un acuerdo rubricado recientemente, el Ministerio de Energ\u00eda y Minas se comprometi\u00f3 a donar a la DGA, equipos, repuestos y productos necesarios para estos estudios. El laboratorio de Aduanas es una herramienta local que, en conjunto con otros laboratorios nacionales e internacionales, realizar\u00e1 los an\u00e1lisis y estudios necesarios de las muestras y elementos recolectados.<\/p>\n\n\n\n<p class=\"has-text-align-justify\">En tanto que, Aduanas se encargar\u00e1 de realizar los an\u00e1lisis de muestras entorno al proyecto de exploraci\u00f3n de tierras raras, a solicitud del Ministerio de Energ\u00eda y Minas, as\u00ed como otras actividades de inter\u00e9s para ambas instituciones contempladas en el acuerdo.<\/p>\n\n\n\n<p class=\"has-text-align-justify\">El ministro de Energ\u00eda y Minas, Antonio Almonte, destac\u00f3 que el proyecto minero en Pedernales representa una oportunidad \u00fanica para potencialmente producir minerales cr\u00edticos para la transici\u00f3n energ\u00e9tica de gran necesidad para la producci\u00f3n de imanes.<\/p>\n\n\n\n<p class=\"has-text-align-justify\">&nbsp;\u201cTenemos una responsabilidad muy delicada, se trata de un proceso de exploraci\u00f3n, evaluaci\u00f3n y eventual explotaci\u00f3n\u201d, exclam\u00f3 Almonte.<\/p>\n\n\n\n<p class=\"has-text-align-justify\">El director de Aduanas, Eduardo Sanz Lovat\u00f3n, expres\u00f3 su satisfacci\u00f3n de poder colaborar con un proyecto que calific\u00f3 como: \u201cEsencial para el futuro de la Rep\u00fablica Dominicana\u201d<\/p>\n\n\n<div class=\"wp-block-image\">\n<figure class=\"aligncenter size-large\"><img decoding=\"async\" src=\"https:\/\/xco-images.nyc3.digitaloceanspaces.com\/panoramatv.com.do\/wp-content\/uploads\/2024\/08\/0-47-1024x575.jpg\" alt=\"\" class=\"wp-image-16257\"\/><figcaption class=\"wp-element-caption\">MEM reforzar\u00e1 apoyo a laboratorio de Aduanas para la investigaci\u00f3n de tierras raras<\/figcaption><\/figure>\n<\/div>","protected":false},"excerpt":{"rendered":"<p>El Ministerio de Energ\u00eda y Minas (MEM) acord\u00f3 con la Direcci\u00f3n General de Aduanas (DGA) fortalecer el apoyo a su laboratorio, para el desarrollo de las investigaciones que se realizan en el marco del \u201cProyecto de Exploraci\u00f3n de Elementos de Tierras Raras\u201d, considerado de alto inter\u00e9s nacional. Mediante un acuerdo rubricado recientemente, el Ministerio de [&hellip;]<\/p>\n","protected":false},"author":1,"featured_media":16257,"comment_status":"open","ping_status":"open","sticky":false,"template":"","format":"standard","meta":{"_jetpack_memberships_contains_paid_content":false,"footnotes":"","jetpack_publicize_message":"","jetpack_publicize_feature_enabled":true,"jetpack_social_post_already_shared":true,"jetpack_social_options":{"image_generator_settings":{"template":"highway","enabled":false}}},"categories":[2791],"tags":[563,1261,914],"class_list":["post-16255","post","type-post","status-publish","format-standard","has-post-thumbnail","hentry","category-energia","tag-aduana","tag-direccion-general-de-aduanas","tag-energia-y-minas"],"jetpack_publicize_connections":[],"jetpack_sharing_enabled":true,"jetpack_featured_media_url":"https:\/\/panoramatv.com.do\/wp-content\/uploads\/2024\/08\/0-47-1589x892.jpg","jetpack_likes_enabled":true,"jetpack-related-posts":[],"_links":{"self":[{"href":"https:\/\/panoramatv.com.do\/index.php\/wp-json\/wp\/v2\/posts\/16255","targetHints":{"allow":["GET"]}}],"collection":[{"href":"https:\/\/panoramatv.com.do\/index.php\/wp-json\/wp\/v2\/posts"}],"about":[{"href":"https:\/\/panoramatv.com.do\/index.php\/wp-json\/wp\/v2\/types\/post"}],"author":[{"embeddable":true,"href":"https:\/\/panoramatv.com.do\/index.php\/wp-json\/wp\/v2\/users\/1"}],"replies":[{"embeddable":true,"href":"https:\/\/panoramatv.com.do\/index.php\/wp-json\/wp\/v2\/comments?post=16255"}],"version-history":[{"count":0,"href":"https:\/\/panoramatv.com.do\/index.php\/wp-json\/wp\/v2\/posts\/16255\/revisions"}],"wp:featuredmedia":[{"embeddable":true,"href":"https:\/\/panoramatv.com.do\/index.php\/wp-json\/wp\/v2\/media\/16257"}],"wp:attachment":[{"href":"https:\/\/panoramatv.com.do\/index.php\/wp-json\/wp\/v2\/media?parent=16255"}],"wp:term":[{"taxonomy":"category","embeddable":true,"href":"https:\/\/panoramatv.com.do\/index.php\/wp-json\/wp\/v2\/categories?post=16255"},{"taxonomy":"post_tag","embeddable":true,"href":"https:\/\/panoramatv.com.do\/index.php\/wp-json\/wp\/v2\/tags?post=16255"}],"curies":[{"name":"wp","href":"https:\/\/api.w.org\/{rel}","templated":true}]}}