{"id":16226,"date":"2024-08-19T18:02:39","date_gmt":"2024-08-19T22:02:39","guid":{"rendered":"https:\/\/panoramatv.com.do\/?p=16226"},"modified":"2024-08-19T18:02:51","modified_gmt":"2024-08-19T22:02:51","slug":"presidente-abinader-inaugura-primer-centro-de-desarrollo-integral-para-la-mujer","status":"publish","type":"post","link":"https:\/\/panoramatv.com.do\/index.php\/2024\/08\/19\/presidente-abinader-inaugura-primer-centro-de-desarrollo-integral-para-la-mujer\/","title":{"rendered":"Presidente Abinader inaugura primer Centro de Desarrollo Integral para la Mujer"},"content":{"rendered":"\n<p class=\"has-text-align-justify\">El presidente de la Rep\u00fablica, Luis Abinader, y el coordinador del Gabinete de Pol\u00edtica Social, Tony Pe\u00f1a, inauguraron este s\u00e1bado el primer Centro de Desarrollo Integral para la Mujer (CEDI-MUJER), ubicado en la avenida Francisco Lora, La Otra Banda en la provincia de Santiago. Este novedoso proyecto est\u00e1 dirigido a todas las mujeres dominicanas.<\/p>\n\n\n\n<p class=\"has-text-align-justify\">Esta iniciativa, que fue financiada por el Banco Interamericano de Desarrollo (BID), es el resultado del esfuerzo en conjunto del Gabinete de Pol\u00edtica Social, y otras instituciones del Estado, orientadas hacia la transformaci\u00f3n de la vida de las mujeres dominicanas, respaldado por el Gobierno del presidente Luis Abinader.<\/p>\n\n\n\n<p>Tony Pe\u00f1a, indic\u00f3 que esta obra es un testimonio del compromiso asumido de mejorar la calidad de vida de las mujeres dominicanas, a trav\u00e9s de la instituci\u00f3n de protecci\u00f3n social que encabeza.<\/p>\n\n\n\n<p class=\"has-text-align-justify\">Pe\u00f1a record\u00f3 que en los pr\u00f3ximos meses quedar\u00e1 inaugurado un segundo Centro Integral para la Mujer en Santo Domingo Norte, ampliando as\u00ed el alcance de esta iniciativa transformadora.<\/p>\n\n\n\n<p>Asimismo, indic\u00f3 que las operaciones de este nuevo centro ser\u00e1n realizadas por mujeres exclusivamente y adelant\u00f3 c\u00f3mo se har\u00eda el proceso.<\/p>\n\n\n\n<p>\u201cLas personas que van a trabajar aqu\u00ed son los comunitarios de todos estos sectores que est\u00e1n en los alrededores de este centro\u201d, enfatiz\u00f3.<\/p>\n\n\n\n<p>Los servicios del Centro de Desarrollo Integral de la Mujer (CEDI-Mujer) estar\u00e1n disponibles tras concluir las log\u00edsticas de la apertura.<\/p>\n\n\n\n<p class=\"has-text-align-justify\">CEDI-MUJER, es un espacio seguro para la mujer, atendido por mujeres, que opera bajo un modelo basado en la articulaci\u00f3n y coordinaci\u00f3n de servicios espec\u00edficos de diferentes instituciones, insertados estrat\u00e9gicamente en un Plan de Atenci\u00f3n Integral para cada mujer en funci\u00f3n de sus necesidades, y para el logro de su pleno desarrollo.<\/p>\n\n\n<div class=\"wp-block-image\">\n<figure class=\"aligncenter size-large\"><img decoding=\"async\" src=\"https:\/\/xco-images.nyc3.digitaloceanspaces.com\/panoramatv.com.do\/wp-content\/uploads\/2024\/08\/0-33-1024x683.jpg\" alt=\"\" class=\"wp-image-16228\"\/><figcaption class=\"wp-element-caption\">Presidente Abinader inaugura primer Centro de Desarrollo Integral para la Mujer<\/figcaption><\/figure>\n<\/div>","protected":false},"excerpt":{"rendered":"<p>El presidente de la Rep\u00fablica, Luis Abinader, y el coordinador del Gabinete de Pol\u00edtica Social, Tony Pe\u00f1a, inauguraron este s\u00e1bado el primer Centro de Desarrollo Integral para la Mujer (CEDI-MUJER), ubicado en la avenida Francisco Lora, La Otra Banda en la provincia de Santiago. Este novedoso proyecto est\u00e1 dirigido a todas las mujeres dominicanas. Esta [&hellip;]<\/p>\n","protected":false},"author":1,"featured_media":16228,"comment_status":"open","ping_status":"open","sticky":false,"template":"","format":"standard","meta":{"_jetpack_memberships_contains_paid_content":false,"footnotes":"","jetpack_publicize_message":"","jetpack_publicize_feature_enabled":true,"jetpack_social_post_already_shared":true,"jetpack_social_options":{"image_generator_settings":{"template":"highway","enabled":false}}},"categories":[2793],"tags":[294,2448,3465],"class_list":["post-16226","post","type-post","status-publish","format-standard","has-post-thumbnail","hentry","category-gobierno","tag-banco-interamericano-de-desarrollo","tag-cedi-mujer","tag-desarrollo-integral"],"jetpack_publicize_connections":[],"jetpack_sharing_enabled":true,"jetpack_featured_media_url":"https:\/\/panoramatv.com.do\/wp-content\/uploads\/2024\/08\/0-33-1338x892.jpg","jetpack_likes_enabled":true,"jetpack-related-posts":[],"_links":{"self":[{"href":"https:\/\/panoramatv.com.do\/index.php\/wp-json\/wp\/v2\/posts\/16226","targetHints":{"allow":["GET"]}}],"collection":[{"href":"https:\/\/panoramatv.com.do\/index.php\/wp-json\/wp\/v2\/posts"}],"about":[{"href":"https:\/\/panoramatv.com.do\/index.php\/wp-json\/wp\/v2\/types\/post"}],"author":[{"embeddable":true,"href":"https:\/\/panoramatv.com.do\/index.php\/wp-json\/wp\/v2\/users\/1"}],"replies":[{"embeddable":true,"href":"https:\/\/panoramatv.com.do\/index.php\/wp-json\/wp\/v2\/comments?post=16226"}],"version-history":[{"count":0,"href":"https:\/\/panoramatv.com.do\/index.php\/wp-json\/wp\/v2\/posts\/16226\/revisions"}],"wp:featuredmedia":[{"embeddable":true,"href":"https:\/\/panoramatv.com.do\/index.php\/wp-json\/wp\/v2\/media\/16228"}],"wp:attachment":[{"href":"https:\/\/panoramatv.com.do\/index.php\/wp-json\/wp\/v2\/media?parent=16226"}],"wp:term":[{"taxonomy":"category","embeddable":true,"href":"https:\/\/panoramatv.com.do\/index.php\/wp-json\/wp\/v2\/categories?post=16226"},{"taxonomy":"post_tag","embeddable":true,"href":"https:\/\/panoramatv.com.do\/index.php\/wp-json\/wp\/v2\/tags?post=16226"}],"curies":[{"name":"wp","href":"https:\/\/api.w.org\/{rel}","templated":true}]}}