{"id":16074,"date":"2024-07-28T18:19:58","date_gmt":"2024-07-28T22:19:58","guid":{"rendered":"https:\/\/panoramatv.com.do\/?p=16074"},"modified":"2024-07-28T18:20:10","modified_gmt":"2024-07-28T22:20:10","slug":"maria-corina-machado-afirma-que-hay-una-participacion-apoteosica-en-las-elecciones","status":"publish","type":"post","link":"https:\/\/panoramatv.com.do\/index.php\/2024\/07\/28\/maria-corina-machado-afirma-que-hay-una-participacion-apoteosica-en-las-elecciones\/","title":{"rendered":"Mar\u00eda Corina Machado afirma que hay una participaci\u00f3n \u00abapote\u00f3sica\u00bb en las elecciones"},"content":{"rendered":"\n<p class=\"has-text-align-justify\">La l\u00edder opositora de\u00a0<strong>Venezuela<\/strong>\u00a0<strong>Mar\u00eda Corina Machado<\/strong>\u00a0asegur\u00f3 que la\u00a0<strong>participaci\u00f3n<\/strong>\u00a0en las\u00a0<strong>elecciones<\/strong>\u00a0presidenciales, que se celebran este domingo en el pa\u00eds, es \u00abapote\u00f3sica\u00bb, al tiempo que destac\u00f3 la organizaci\u00f3n de los\u00a0<strong>ciudadanos<\/strong>, quienes han acudido a sus\u00a0<strong><strong>centros<\/strong><\/strong>\u00a0de\u00a0<strong><strong>votaci\u00f3n<\/strong><\/strong>\u00a0desde temprano.<\/p>\n\n\n\n<p class=\"has-text-align-justify\">La exdiputada indic\u00f3 que solo hubo incidencias en 1,300\u00a0<strong>mesas<\/strong>\u00a0de\u00a0<strong>votaci\u00f3n<\/strong>, de las 30,026 instaladas, al comienzo de la jornada electoral pero, prosigui\u00f3, se han ido solventado por lo que solo quedan 12 con \u00abalgunos problemas\u00bb.<\/p>\n\n\n\n<p class=\"has-text-align-justify\">Denunci\u00f3 que hay&nbsp;<strong>centros<\/strong>&nbsp;<strong>electorales<\/strong>&nbsp;en los que piden el \u00abescaneo\u00bb de la&nbsp;<strong>c\u00e9dula<\/strong>&nbsp;de&nbsp;<strong>identidad<\/strong>, un requisito que no est\u00e1 contemplado en la legislaci\u00f3n, por lo que pidi\u00f3 que esto se elimine como procedimiento y que se agilice el&nbsp;<strong>proceso<\/strong>&nbsp;de&nbsp;<strong>votaci\u00f3n<\/strong>.<\/p>\n\n\n\n<figure class=\"wp-block-gallery has-nested-images columns-default is-cropped wp-block-gallery-1 is-layout-flex wp-block-gallery-is-layout-flex\">\n<figure class=\"wp-block-image size-large\"><img decoding=\"async\" data-id=\"16076\" src=\"https:\/\/xco-images.nyc3.digitaloceanspaces.com\/panoramatv.com.do\/wp-content\/uploads\/2024\/07\/ca-times.brightspotcdn-1024x682.jpg\" alt=\"\" class=\"wp-image-16076\"\/><figcaption class=\"wp-element-caption\">Mar\u00eda Corina Machado afirma que hay una participaci\u00f3n \u00abapote\u00f3sica\u00bb en las elecciones<\/figcaption><\/figure>\n\n\n\n<figure class=\"wp-block-image size-large\"><img decoding=\"async\" data-id=\"16075\" src=\"https:\/\/xco-images.nyc3.digitaloceanspaces.com\/panoramatv.com.do\/wp-content\/uploads\/2024\/07\/corina_machado_023.jpg_1014274486-480x320.jpg\" alt=\"\" class=\"wp-image-16075\"\/><\/figure>\n<\/figure>\n","protected":false},"excerpt":{"rendered":"<p>La l\u00edder opositora de\u00a0Venezuela\u00a0Mar\u00eda Corina Machado\u00a0asegur\u00f3 que la\u00a0participaci\u00f3n\u00a0en las\u00a0elecciones\u00a0presidenciales, que se celebran este domingo en el pa\u00eds, es \u00abapote\u00f3sica\u00bb, al tiempo que destac\u00f3 la organizaci\u00f3n de los\u00a0ciudadanos, quienes han acudido a sus\u00a0centros\u00a0de\u00a0votaci\u00f3n\u00a0desde temprano. La exdiputada indic\u00f3 que solo hubo incidencias en 1,300\u00a0mesas\u00a0de\u00a0votaci\u00f3n, de las 30,026 instaladas, al comienzo de la jornada electoral pero, prosigui\u00f3, se [&hellip;]<\/p>\n","protected":false},"author":1,"featured_media":16076,"comment_status":"open","ping_status":"open","sticky":false,"template":"","format":"standard","meta":{"_jetpack_memberships_contains_paid_content":false,"footnotes":"","jetpack_publicize_message":"","jetpack_publicize_feature_enabled":true,"jetpack_social_post_already_shared":true,"jetpack_social_options":{"image_generator_settings":{"template":"highway","enabled":false}}},"categories":[6],"tags":[38,3432],"class_list":["post-16074","post","type-post","status-publish","format-standard","has-post-thumbnail","hentry","category-panorama-global","tag-elecciones","tag-venezuela"],"jetpack_publicize_connections":[],"jetpack_sharing_enabled":true,"jetpack_featured_media_url":"https:\/\/panoramatv.com.do\/wp-content\/uploads\/2024\/07\/ca-times.brightspotcdn-2000x1333.jpg","jetpack_likes_enabled":true,"jetpack-related-posts":[],"_links":{"self":[{"href":"https:\/\/panoramatv.com.do\/index.php\/wp-json\/wp\/v2\/posts\/16074","targetHints":{"allow":["GET"]}}],"collection":[{"href":"https:\/\/panoramatv.com.do\/index.php\/wp-json\/wp\/v2\/posts"}],"about":[{"href":"https:\/\/panoramatv.com.do\/index.php\/wp-json\/wp\/v2\/types\/post"}],"author":[{"embeddable":true,"href":"https:\/\/panoramatv.com.do\/index.php\/wp-json\/wp\/v2\/users\/1"}],"replies":[{"embeddable":true,"href":"https:\/\/panoramatv.com.do\/index.php\/wp-json\/wp\/v2\/comments?post=16074"}],"version-history":[{"count":0,"href":"https:\/\/panoramatv.com.do\/index.php\/wp-json\/wp\/v2\/posts\/16074\/revisions"}],"wp:featuredmedia":[{"embeddable":true,"href":"https:\/\/panoramatv.com.do\/index.php\/wp-json\/wp\/v2\/media\/16076"}],"wp:attachment":[{"href":"https:\/\/panoramatv.com.do\/index.php\/wp-json\/wp\/v2\/media?parent=16074"}],"wp:term":[{"taxonomy":"category","embeddable":true,"href":"https:\/\/panoramatv.com.do\/index.php\/wp-json\/wp\/v2\/categories?post=16074"},{"taxonomy":"post_tag","embeddable":true,"href":"https:\/\/panoramatv.com.do\/index.php\/wp-json\/wp\/v2\/tags?post=16074"}],"curies":[{"name":"wp","href":"https:\/\/api.w.org\/{rel}","templated":true}]}}