{"id":16070,"date":"2024-07-28T18:16:53","date_gmt":"2024-07-28T22:16:53","guid":{"rendered":"https:\/\/panoramatv.com.do\/?p=16070"},"modified":"2024-07-28T18:17:09","modified_gmt":"2024-07-28T22:17:09","slug":"venezolanos-protestan-en-miami-por-no-poder-votar-en-elecciones-de-su-pais","status":"publish","type":"post","link":"https:\/\/panoramatv.com.do\/index.php\/2024\/07\/28\/venezolanos-protestan-en-miami-por-no-poder-votar-en-elecciones-de-su-pais\/","title":{"rendered":"Venezolanos protestan en Miami por no poder votar en elecciones de su pa\u00eds"},"content":{"rendered":"\n<p class=\"has-text-align-justify\">Decenas de&nbsp;<strong>venezolanos<\/strong>&nbsp;<strong>protestaron<\/strong>&nbsp;este domingo en&nbsp;<strong>Miami<\/strong>&nbsp;por no poder&nbsp;<strong>votar<\/strong>&nbsp;en las&nbsp;<strong>presidenciales<\/strong>&nbsp;de su pa\u00eds, ya que el&nbsp;<strong>gobierno<\/strong>&nbsp;de Nicol\u00e1s&nbsp;<strong>Maduro<\/strong>&nbsp;retir\u00f3 sus representaciones diplom\u00e1ticas en&nbsp;<strong>Estados<\/strong>&nbsp;Unidos tras la ruptura de relaciones diplom\u00e1ticas con Washington en 2019.<\/p>\n\n\n\n<p class=\"has-text-align-justify\">Los\u00a0<strong>manifestantes<\/strong>, muchos de ellos envueltos en\u00a0<strong>banderas<\/strong>\u00a0<strong>venezolanos<\/strong>, se reunieron en el c\u00e9ntrico barrio de Brickell, frente al edificio que albergaba el consulado de su pa\u00eds en\u00a0<strong>Miami<\/strong>\u00a0antes del cierre, convertido ahora en un banco.<\/p>\n\n\n\n<p>Las&nbsp;<strong>presidenciales<\/strong>&nbsp;de este domingo decidir\u00e1n entre la continuidad del&nbsp;<strong>chavismo<\/strong>, que lleva 25 a\u00f1os en el poder, o la victoria de una oposici\u00f3n unida.<\/p>\n\n\n\n<figure class=\"wp-block-gallery has-nested-images columns-default is-cropped wp-block-gallery-1 is-layout-flex wp-block-gallery-is-layout-flex\">\n<figure class=\"wp-block-image size-large\"><img decoding=\"async\" data-id=\"16071\" src=\"https:\/\/xco-images.nyc3.digitaloceanspaces.com\/panoramatv.com.do\/wp-content\/uploads\/2024\/07\/elecciones-presidenciales-en-venezuela-crisis-y-candidatos-focus-min0.02-min0.23-896-504-896x504.jpg\" alt=\"\" class=\"wp-image-16071\"\/><figcaption class=\"wp-element-caption\">Venezolanos protestan en Miami por no poder votar en elecciones de su pa\u00eds<\/figcaption><\/figure>\n\n\n\n<figure class=\"wp-block-image size-large\"><img decoding=\"async\" data-id=\"16072\" src=\"https:\/\/xco-images.nyc3.digitaloceanspaces.com\/panoramatv.com.do\/wp-content\/uploads\/2024\/07\/AYC2KCXK3O3EI6XPSUBCYNWGR4.avif\" alt=\"\" class=\"wp-image-16072\"\/><\/figure>\n<\/figure>\n","protected":false},"excerpt":{"rendered":"<p>Decenas de&nbsp;venezolanos&nbsp;protestaron&nbsp;este domingo en&nbsp;Miami&nbsp;por no poder&nbsp;votar&nbsp;en las&nbsp;presidenciales&nbsp;de su pa\u00eds, ya que el&nbsp;gobierno&nbsp;de Nicol\u00e1s&nbsp;Maduro&nbsp;retir\u00f3 sus representaciones diplom\u00e1ticas en&nbsp;Estados&nbsp;Unidos tras la ruptura de relaciones diplom\u00e1ticas con Washington en 2019. Los\u00a0manifestantes, muchos de ellos envueltos en\u00a0banderas\u00a0venezolanos, se reunieron en el c\u00e9ntrico barrio de Brickell, frente al edificio que albergaba el consulado de su pa\u00eds en\u00a0Miami\u00a0antes del cierre, convertido [&hellip;]<\/p>\n","protected":false},"author":1,"featured_media":16072,"comment_status":"open","ping_status":"open","sticky":false,"template":"","format":"standard","meta":{"_jetpack_memberships_contains_paid_content":false,"footnotes":"","jetpack_publicize_message":"","jetpack_publicize_feature_enabled":true,"jetpack_social_post_already_shared":true,"jetpack_social_options":{"image_generator_settings":{"template":"highway","enabled":false}}},"categories":[6],"tags":[38,3432],"class_list":["post-16070","post","type-post","status-publish","format-standard","has-post-thumbnail","hentry","category-panorama-global","tag-elecciones","tag-venezuela"],"jetpack_publicize_connections":[],"jetpack_sharing_enabled":true,"jetpack_featured_media_url":"https:\/\/panoramatv.com.do\/wp-content\/uploads\/2024\/07\/AYC2KCXK3O3EI6XPSUBCYNWGR4.avif","jetpack_likes_enabled":true,"jetpack-related-posts":[],"_links":{"self":[{"href":"https:\/\/panoramatv.com.do\/index.php\/wp-json\/wp\/v2\/posts\/16070","targetHints":{"allow":["GET"]}}],"collection":[{"href":"https:\/\/panoramatv.com.do\/index.php\/wp-json\/wp\/v2\/posts"}],"about":[{"href":"https:\/\/panoramatv.com.do\/index.php\/wp-json\/wp\/v2\/types\/post"}],"author":[{"embeddable":true,"href":"https:\/\/panoramatv.com.do\/index.php\/wp-json\/wp\/v2\/users\/1"}],"replies":[{"embeddable":true,"href":"https:\/\/panoramatv.com.do\/index.php\/wp-json\/wp\/v2\/comments?post=16070"}],"version-history":[{"count":0,"href":"https:\/\/panoramatv.com.do\/index.php\/wp-json\/wp\/v2\/posts\/16070\/revisions"}],"wp:featuredmedia":[{"embeddable":true,"href":"https:\/\/panoramatv.com.do\/index.php\/wp-json\/wp\/v2\/media\/16072"}],"wp:attachment":[{"href":"https:\/\/panoramatv.com.do\/index.php\/wp-json\/wp\/v2\/media?parent=16070"}],"wp:term":[{"taxonomy":"category","embeddable":true,"href":"https:\/\/panoramatv.com.do\/index.php\/wp-json\/wp\/v2\/categories?post=16070"},{"taxonomy":"post_tag","embeddable":true,"href":"https:\/\/panoramatv.com.do\/index.php\/wp-json\/wp\/v2\/tags?post=16070"}],"curies":[{"name":"wp","href":"https:\/\/api.w.org\/{rel}","templated":true}]}}