{"id":16056,"date":"2024-07-28T18:03:54","date_gmt":"2024-07-28T22:03:54","guid":{"rendered":"https:\/\/panoramatv.com.do\/?p=16056"},"modified":"2024-07-28T18:04:11","modified_gmt":"2024-07-28T22:04:11","slug":"plan-international-republica-dominicana-celebra-el-evento-papas-que-cuidan-para-promover-la-paternidad-activa","status":"publish","type":"post","link":"https:\/\/panoramatv.com.do\/index.php\/2024\/07\/28\/plan-international-republica-dominicana-celebra-el-evento-papas-que-cuidan-para-promover-la-paternidad-activa\/","title":{"rendered":"Plan International Rep\u00fablica Dominicana celebra el evento \u201cPap\u00e1s que Cuidan\u201d para promover la paternidad activa"},"content":{"rendered":"\n<p class=\"has-text-align-justify\"><strong>Santo Domingo&nbsp;<\/strong>\u2013 Plan International Rep\u00fablica Dominicana, celebr\u00f3 el \u201cPap\u00e1s que Cuidan\u201d, un evento destinado a fomentar la paternidad activa y la corresponsabilidad familiar, en colaboraci\u00f3n con&nbsp;El Consejo Nacional para la Ni\u00f1ez y la Adolescencia (<em>CONANI<\/em>),&nbsp;<em>Instituto Nacional de Atenci\u00f3n Integral a la Primera Infancia<\/em>&nbsp;(<em>INAIPI<\/em>), Ministerio de la Mujer, UNFPA y Sup\u00e9rate, en el centro comercial Galer\u00eda 360 de la ciudad de Santo Domingo, un espacio donde reuni\u00f3 a personas interesadas en promover y aprender sobre el enfoque participativo del padre en la crianza de los hijos e hijas.<\/p>\n\n\n\n<p class=\"has-text-align-justify\">El evento fue moderado por el comunicador Ram\u00f3n Stalin Montero, experto en nuevas masculinidades, en una jornada que inici\u00f3 con palabras de apertura de Roland Angerer, Director de Plan International, Pazzis Paulino Director del Desarrollo Territorial y Supervisi\u00f3n en CONANI y Johana Elias, Directora de Redes y Servicios de Inaipi, quienes destacaron la importancia de la participaci\u00f3n activa de los padres en la vida de sus hijos e hijas como un factor crucial para el desarrollo social y familiar.<\/p>\n\n\n\n<figure class=\"wp-block-gallery has-nested-images columns-default is-cropped wp-block-gallery-1 is-layout-flex wp-block-gallery-is-layout-flex\">\n<figure class=\"wp-block-image size-large\"><img decoding=\"async\" data-id=\"16058\" src=\"https:\/\/xco-images.nyc3.digitaloceanspaces.com\/panoramatv.com.do\/wp-content\/uploads\/2024\/07\/1-18-1024x682.jpg\" alt=\"\" class=\"wp-image-16058\"\/><figcaption class=\"wp-element-caption\">Plan International Rep\u00fablica Dominicana celebra el evento \u201cPap\u00e1s que Cuidan\u201d para promover la paternidad activa<\/figcaption><\/figure>\n\n\n\n<figure class=\"wp-block-image size-large\"><img decoding=\"async\" data-id=\"16057\" src=\"https:\/\/xco-images.nyc3.digitaloceanspaces.com\/panoramatv.com.do\/wp-content\/uploads\/2024\/07\/2-1024x683.jpg\" alt=\"\" class=\"wp-image-16057\"\/><\/figure>\n<\/figure>\n\n\n\n<p class=\"has-text-align-justify\">Durante la primera parte del evento los participantes compartieron sus experiencias y reflexiones sobre la paternidad activa; entre los panelistas se encontraban Roland Angerer, Director de Plan International, Edwin Ceballos de CONANI y Eduardo Pe\u00f1a, Sub-Director del Instituto Nacional de Bienestar Estudiantil (INABIE). Sus testimonios subrayaron c\u00f3mo los hombres pueden y deben desempe\u00f1ar un papel fundamental en el cuidado de los hijos e hijas.<\/p>\n\n\n\n<p class=\"has-text-align-justify\">El evento tambi\u00e9n ofreci\u00f3 una serie de actividades simult\u00e1neas dise\u00f1adas para involucrar con talleres pr\u00e1cticos a los padres en tareas cotidianas del cuidado infantil, &nbsp;como el \u00abPeinat\u00f3n\u00bb, donde los padres aprendieron a peinar el cabello rizado de sus hijas, as\u00ed como el \u201cForrado de Libros en familia\u201d liderado por Plan International; la \u00abLonchera saludable\u00bb, dirigida por INAIPI, tambi\u00e9n, otras actividades incluyeron aprender a cambiar de pa\u00f1ales, facilitado por CONANI; la calculadora de los cuidados, presentada por el Ministerio de la Mujer; el juego de domin\u00f3 \u00abCambia la ficha\u00bb que desaf\u00eda los roles de las masculinidades, conducido por UNFPA.<\/p>\n\n\n\n<p class=\"has-text-align-justify\">La jornada continu\u00f3 con testimonios de participantes del proyecto \u00abHombres j\u00f3venes por la igualdad\u00bb, este proyecto es llevada a cabo por Plan con el apoyo del Ministerio de la Mujer. Estos j\u00f3venes compartieron sus vivencias y aprendizajes sobre la corresponsabilidad y la igualdad de g\u00e9nero.<\/p>\n\n\n\n<p>Una de las sesiones m\u00e1s emotivas fue la charla \u201cEres importante en mis cuidados\u201d donde 5 ni\u00f1as invitadas destacaron lo significativo que es recibir el cuidado, el acompa\u00f1amiento y el consejo de sus padres en sus vidas.<\/p>\n\n\n\n<figure class=\"wp-block-gallery has-nested-images columns-default is-cropped wp-block-gallery-2 is-layout-flex wp-block-gallery-is-layout-flex\">\n<figure class=\"wp-block-image size-large\"><img decoding=\"async\" data-id=\"16059\" src=\"https:\/\/xco-images.nyc3.digitaloceanspaces.com\/panoramatv.com.do\/wp-content\/uploads\/2024\/07\/0-58-1024x683.jpg\" alt=\"\" class=\"wp-image-16059\"\/><\/figure>\n\n\n\n<figure class=\"wp-block-image size-large\"><img decoding=\"async\" data-id=\"16060\" src=\"https:\/\/xco-images.nyc3.digitaloceanspaces.com\/panoramatv.com.do\/wp-content\/uploads\/2024\/07\/3-1024x682.jpg\" alt=\"\" class=\"wp-image-16060\"\/><\/figure>\n<\/figure>\n","protected":false},"excerpt":{"rendered":"<p>Santo Domingo&nbsp;\u2013 Plan International Rep\u00fablica Dominicana, celebr\u00f3 el \u201cPap\u00e1s que Cuidan\u201d, un evento destinado a fomentar la paternidad activa y la corresponsabilidad familiar, en colaboraci\u00f3n con&nbsp;El Consejo Nacional para la Ni\u00f1ez y la Adolescencia (CONANI),&nbsp;Instituto Nacional de Atenci\u00f3n Integral a la Primera Infancia&nbsp;(INAIPI), Ministerio de la Mujer, UNFPA y Sup\u00e9rate, en el centro comercial Galer\u00eda [&hellip;]<\/p>\n","protected":false},"author":1,"featured_media":16060,"comment_status":"open","ping_status":"open","sticky":false,"template":"","format":"standard","meta":{"_jetpack_memberships_contains_paid_content":false,"footnotes":"","jetpack_publicize_message":"","jetpack_publicize_feature_enabled":true,"jetpack_social_post_already_shared":true,"jetpack_social_options":{"image_generator_settings":{"template":"highway","enabled":false}}},"categories":[10],"tags":[1775,3431],"class_list":["post-16056","post","type-post","status-publish","format-standard","has-post-thumbnail","hentry","category-panorama-social","tag-ministerio-de-la-mujer","tag-paternidad-activa"],"jetpack_publicize_connections":[],"jetpack_sharing_enabled":true,"jetpack_featured_media_url":"https:\/\/images.panoramatv.com.do\/wp-content\/uploads\/2024\/07\/3-1361x907.jpg","jetpack_likes_enabled":true,"jetpack-related-posts":[],"_links":{"self":[{"href":"https:\/\/panoramatv.com.do\/index.php\/wp-json\/wp\/v2\/posts\/16056"}],"collection":[{"href":"https:\/\/panoramatv.com.do\/index.php\/wp-json\/wp\/v2\/posts"}],"about":[{"href":"https:\/\/panoramatv.com.do\/index.php\/wp-json\/wp\/v2\/types\/post"}],"author":[{"embeddable":true,"href":"https:\/\/panoramatv.com.do\/index.php\/wp-json\/wp\/v2\/users\/1"}],"replies":[{"embeddable":true,"href":"https:\/\/panoramatv.com.do\/index.php\/wp-json\/wp\/v2\/comments?post=16056"}],"version-history":[{"count":0,"href":"https:\/\/panoramatv.com.do\/index.php\/wp-json\/wp\/v2\/posts\/16056\/revisions"}],"wp:featuredmedia":[{"embeddable":true,"href":"https:\/\/panoramatv.com.do\/index.php\/wp-json\/wp\/v2\/media\/16060"}],"wp:attachment":[{"href":"https:\/\/panoramatv.com.do\/index.php\/wp-json\/wp\/v2\/media?parent=16056"}],"wp:term":[{"taxonomy":"category","embeddable":true,"href":"https:\/\/panoramatv.com.do\/index.php\/wp-json\/wp\/v2\/categories?post=16056"},{"taxonomy":"post_tag","embeddable":true,"href":"https:\/\/panoramatv.com.do\/index.php\/wp-json\/wp\/v2\/tags?post=16056"}],"curies":[{"name":"wp","href":"https:\/\/api.w.org\/{rel}","templated":true}]}}