{"id":16041,"date":"2024-07-28T17:34:00","date_gmt":"2024-07-28T21:34:00","guid":{"rendered":"https:\/\/panoramatv.com.do\/?p=16041"},"modified":"2024-07-28T17:34:13","modified_gmt":"2024-07-28T21:34:13","slug":"alcaldesa-carolina-mejia-entrega-medalla-al-merito-a-rafael-solano-y-nini-caffaro-declara-hijo-distinguido-de-sd-a-pavel-nunez","status":"publish","type":"post","link":"https:\/\/panoramatv.com.do\/index.php\/2024\/07\/28\/alcaldesa-carolina-mejia-entrega-medalla-al-merito-a-rafael-solano-y-nini-caffaro-declara-hijo-distinguido-de-sd-a-pavel-nunez\/","title":{"rendered":"Alcaldesa Carolina Mej\u00eda entrega Medalla al M\u00e9rito a Rafael Solano y Nin\u00ed C\u00e1ffaro; declara hijo distinguido de SD a Pavel N\u00fa\u00f1ez"},"content":{"rendered":"\n<p>Los reconocimientos se entregaron en el marco del concierto por el D\u00eda de los Padres<\/p>\n\n\n\n<p>Santo Domingo, DN &#8211; La alcaldesa Carolina Mej\u00eda encabez\u00f3 la entrega la Medalla al M\u00e9rito al maestro Rafael Solano y a Nin\u00ed C\u00e1ffaro, as\u00ed como la declaraci\u00f3n de hijo distinguido de Santo Domingo al cantautor Pavel N\u00fa\u00f1ez.<\/p>\n\n\n\n<p>Los reconocimientos, aprobados por el Concejo de Regidores, se entregaron en el marco del concierto \u201cNin\u00ed y Pavel, de padre a hijo\u201d, celebrado bajo el auspicio de la alcald\u00eda.<\/p>\n\n\n<div class=\"wp-block-image\">\n<figure class=\"aligncenter size-full\"><img decoding=\"async\" src=\"https:\/\/xco-images.nyc3.digitaloceanspaces.com\/panoramatv.com.do\/wp-content\/uploads\/2024\/07\/0c7a20d5-b5e2-405e-83e5-aa3fa31fb715-1000x667.jpg\" alt=\"\" class=\"wp-image-16042\"\/><figcaption class=\"wp-element-caption\">Alcaldesa Carolina Mej\u00eda entrega Medalla al M\u00e9rito a Rafael Solano y Nin\u00ed C\u00e1ffaro; declara hijo distinguido de SD a Pavel N\u00fa\u00f1ez<\/figcaption><\/figure>\n<\/div>\n\n\n<p>La entrega de los pergaminos fue realizada por la propia alcaldesa Mej\u00eda, quien con emoci\u00f3n ley\u00f3 las motivaciones para reconocer la trayectoria de estos tres grandes artistas dominicanos.<\/p>\n\n\n\n<p>\u201cDiariamente tenemos el reto de enfrentar much\u00edsimas cosas, pero cuando tenemos la oportunidad de compartir en un momento como este y escuchar a Nin\u00ed C\u00e1ffaro, acompa\u00f1ado del maestro Solano, yo creo que merece la pena que le demos gracias a Dios por esta velada\u201d, consider\u00f3 la alcaldesa del Distrito Nacional.<\/p>\n\n\n\n<p>Solano, Nin\u00ed y Pavel recibieron con benepl\u00e1cito sus pergaminos y agradecieron la consideraci\u00f3n de Carolina Mej\u00eda y el Concejo de Regidores por destacar sus logros art\u00edsticos en nombre de la ciudad de Santo Domingo.<\/p>\n\n\n\n<p>La iniciativa se inscribe dentro de la visi\u00f3n estrat\u00e9gica del ayuntamiento de promover los valores a trav\u00e9s del arte y la cultura.<\/p>\n\n\n\n<p>El concierto gratuito tuvo lugar en el Parque Iberoam\u00e9rica, uniendo a dos generaciones art\u00edsticas para el disfrute de los cientos de asistentes por motivo al D\u00eda de los Padres.<\/p>\n\n\n\n<figure class=\"wp-block-gallery has-nested-images columns-default is-cropped wp-block-gallery-1 is-layout-flex wp-block-gallery-is-layout-flex\">\n<figure class=\"wp-block-image size-large\"><img decoding=\"async\" data-id=\"16044\" src=\"https:\/\/xco-images.nyc3.digitaloceanspaces.com\/panoramatv.com.do\/wp-content\/uploads\/2024\/07\/87baccbe-ee89-4bc0-ade5-882be4955c9d-1000x667.jpg\" alt=\"\" class=\"wp-image-16044\"\/><\/figure>\n\n\n\n<figure class=\"wp-block-image size-large\"><img decoding=\"async\" data-id=\"16043\" src=\"https:\/\/xco-images.nyc3.digitaloceanspaces.com\/panoramatv.com.do\/wp-content\/uploads\/2024\/07\/5915a70e-6a8d-4156-b4e1-b983865612bb-1000x717.jpg\" alt=\"\" class=\"wp-image-16043\"\/><\/figure>\n<\/figure>\n","protected":false},"excerpt":{"rendered":"<p>Los reconocimientos se entregaron en el marco del concierto por el D\u00eda de los Padres Santo Domingo, DN &#8211; La alcaldesa Carolina Mej\u00eda encabez\u00f3 la entrega la Medalla al M\u00e9rito al maestro Rafael Solano y a Nin\u00ed C\u00e1ffaro, as\u00ed como la declaraci\u00f3n de hijo distinguido de Santo Domingo al cantautor Pavel N\u00fa\u00f1ez. Los reconocimientos, aprobados [&hellip;]<\/p>\n","protected":false},"author":1,"featured_media":16042,"comment_status":"open","ping_status":"open","sticky":false,"template":"","format":"standard","meta":{"_jetpack_memberships_contains_paid_content":false,"footnotes":"","jetpack_publicize_message":"","jetpack_publicize_feature_enabled":true,"jetpack_social_post_already_shared":true,"jetpack_social_options":{"image_generator_settings":{"template":"highway","enabled":false}}},"categories":[2795],"tags":[3430,3429,789],"class_list":["post-16041","post","type-post","status-publish","format-standard","has-post-thumbnail","hentry","category-alcaldia-distrito-nacional","tag-medalla-al-merito","tag-nini-caffaro","tag-reconocimiento"],"jetpack_publicize_connections":[],"jetpack_sharing_enabled":true,"jetpack_featured_media_url":"https:\/\/panoramatv.com.do\/wp-content\/uploads\/2024\/07\/0c7a20d5-b5e2-405e-83e5-aa3fa31fb715-1000x667.jpg","jetpack_likes_enabled":true,"jetpack-related-posts":[],"_links":{"self":[{"href":"https:\/\/panoramatv.com.do\/index.php\/wp-json\/wp\/v2\/posts\/16041","targetHints":{"allow":["GET"]}}],"collection":[{"href":"https:\/\/panoramatv.com.do\/index.php\/wp-json\/wp\/v2\/posts"}],"about":[{"href":"https:\/\/panoramatv.com.do\/index.php\/wp-json\/wp\/v2\/types\/post"}],"author":[{"embeddable":true,"href":"https:\/\/panoramatv.com.do\/index.php\/wp-json\/wp\/v2\/users\/1"}],"replies":[{"embeddable":true,"href":"https:\/\/panoramatv.com.do\/index.php\/wp-json\/wp\/v2\/comments?post=16041"}],"version-history":[{"count":0,"href":"https:\/\/panoramatv.com.do\/index.php\/wp-json\/wp\/v2\/posts\/16041\/revisions"}],"wp:featuredmedia":[{"embeddable":true,"href":"https:\/\/panoramatv.com.do\/index.php\/wp-json\/wp\/v2\/media\/16042"}],"wp:attachment":[{"href":"https:\/\/panoramatv.com.do\/index.php\/wp-json\/wp\/v2\/media?parent=16041"}],"wp:term":[{"taxonomy":"category","embeddable":true,"href":"https:\/\/panoramatv.com.do\/index.php\/wp-json\/wp\/v2\/categories?post=16041"},{"taxonomy":"post_tag","embeddable":true,"href":"https:\/\/panoramatv.com.do\/index.php\/wp-json\/wp\/v2\/tags?post=16041"}],"curies":[{"name":"wp","href":"https:\/\/api.w.org\/{rel}","templated":true}]}}