{"id":15931,"date":"2024-07-18T19:40:23","date_gmt":"2024-07-18T23:40:23","guid":{"rendered":"https:\/\/panoramatv.com.do\/?p=15931"},"modified":"2024-07-18T19:40:36","modified_gmt":"2024-07-18T23:40:36","slug":"pediatras-inician-capacitaciones-para-mejorar-el-abordaje-y-manejo-de-pacientes-en-salas-de-emergencias","status":"publish","type":"post","link":"https:\/\/panoramatv.com.do\/index.php\/2024\/07\/18\/pediatras-inician-capacitaciones-para-mejorar-el-abordaje-y-manejo-de-pacientes-en-salas-de-emergencias\/","title":{"rendered":"Pediatras inician capacitaciones para mejorar el abordaje y manejo de pacientes en salas de emergencias\u00a0\u00a0"},"content":{"rendered":"\n<p class=\"has-text-align-justify\"><strong><em>Santo Domingo.<\/em><\/strong>&nbsp;Son muchos los retos que afrontan tanto m\u00e9dicos como pacientes, al momento de prestar asistencia&nbsp; en las salas de emergencias en el pa\u00eds. La adecuaci\u00f3n hospitalaria, la reducida disponibilidad de sub- especialistas,&nbsp; la limitada capacidad de los centros&nbsp; y la necesidad de actualizaci\u00f3n sobre el manejo adecuado del paciente son solo algunos de los factores m\u00e1s recurrentes que inciden en un deterioro del sistema de salud dominicano.<\/p>\n\n\n\n<p class=\"has-text-align-justify\">Buscando aportar soluciones&nbsp; a este panorama, la Sociedad Dominicana de Pediatr\u00eda realiza tres cursos sobre el abordaje oportuno y protocolos actuales para la atenci\u00f3n de emergencias pedi\u00e1tricas, la importancia del tamiz nutricional y la evidencia cient\u00edfica en la era de la inteligencia artificial.<\/p>\n\n\n\n<p class=\"has-text-align-justify\">\u201cLa capacitaci\u00f3n a los&nbsp; pediatras en las unidades de primer y segundo nivel de atenci\u00f3n de salud&nbsp; es esencial si queremos descongestionar&nbsp; los centros de tercer nivel e identificar correctamente al paciente cr\u00edtico.&nbsp; Si no nos formamos sobre las patolog\u00edas m\u00e1s recurrentes de estos pacientes, no se puede dar un abordaje oportuno en las Unidades de Emergencias\u201d, destac\u00f3 el doctor Romny Pujols, presidente del cap\u00edtulo dominicano de emergencias pedi\u00e1tricas de la Sociedad Dominicana de Pediatr\u00eda.<\/p>\n\n\n\n<p class=\"has-text-align-justify\">Dentro de los casos m\u00e1s recurrentes que reciben en las Emergencias del pa\u00eds est\u00e1n relacionados a quemaduras, politraumas, patolog\u00edas respiratorias, as\u00ed como la descompensaci\u00f3n&nbsp; de pacientes cr\u00f3nicos.<\/p>\n\n\n\n<p class=\"has-text-align-justify\">Para el primer bloque de estos cursos, se realiz\u00f3 un mini simposio liderado por el capitulo de Emergencias Pedi\u00e1tricas de la SPD y el Cincinnati Children\u2019s Hospital, quienes orientaron a los especialistas sobre: evaluaciones cardiopulmonares, trabajo en equipo en el manejo y estabilizaci\u00f3n del paciente cr\u00edtico, sedaci\u00f3n y analgesia ambulatoria y en urgencias, as\u00ed como t\u00e9cnicas de intubaci\u00f3n, y abordaje de v\u00edas a\u00e9reas dif\u00edciles.<\/p>\n\n\n\n<p class=\"has-text-align-justify\">El doctor Pujols enfatiz\u00f3 que muchas veces no se identifica de manera adecuada al paciente cr\u00edtico y&nbsp; se pierde tiempo en el manejo del mismo, lo que impacta de manera negativa&nbsp; en el &nbsp; pron\u00f3stico del mismo, por ello la capacitaci\u00f3n continua se convierte en un gran reforzador para garantizar mejores pr\u00e1cticas durante la urgencia.<\/p>\n\n\n<div class=\"wp-block-image\">\n<figure class=\"aligncenter size-large\"><img decoding=\"async\" src=\"https:\/\/xco-images.nyc3.digitaloceanspaces.com\/panoramatv.com.do\/wp-content\/uploads\/2024\/07\/0-45-1024x768.jpg\" alt=\"\" class=\"wp-image-15933\"\/><figcaption class=\"wp-element-caption\">Pediatras inician capacitaciones para mejorar el abordaje y manejo de pacientes en salas de emergencias\u00a0\u00a0<\/figcaption><\/figure><\/div>","protected":false},"excerpt":{"rendered":"<p>Santo Domingo.&nbsp;Son muchos los retos que afrontan tanto m\u00e9dicos como pacientes, al momento de prestar asistencia&nbsp; en las salas de emergencias en el pa\u00eds. La adecuaci\u00f3n hospitalaria, la reducida disponibilidad de sub- especialistas,&nbsp; la limitada capacidad de los centros&nbsp; y la necesidad de actualizaci\u00f3n sobre el manejo adecuado del paciente son solo algunos de los [&hellip;]<\/p>\n","protected":false},"author":1,"featured_media":15933,"comment_status":"open","ping_status":"open","sticky":false,"template":"","format":"standard","meta":{"_jetpack_memberships_contains_paid_content":false,"footnotes":"","jetpack_publicize_message":"","jetpack_publicize_feature_enabled":true,"jetpack_social_post_already_shared":true,"jetpack_social_options":{"image_generator_settings":{"template":"highway","enabled":false}}},"categories":[8],"tags":[984,3411],"class_list":["post-15931","post","type-post","status-publish","format-standard","has-post-thumbnail","hentry","category-panorama-de-salud","tag-pediatras","tag-salas-de-emergencias"],"jetpack_publicize_connections":[],"jetpack_sharing_enabled":true,"jetpack_featured_media_url":"https:\/\/images.panoramatv.com.do\/wp-content\/uploads\/2024\/07\/0-45-1212x909.jpg","jetpack_likes_enabled":true,"jetpack-related-posts":[],"_links":{"self":[{"href":"https:\/\/panoramatv.com.do\/index.php\/wp-json\/wp\/v2\/posts\/15931"}],"collection":[{"href":"https:\/\/panoramatv.com.do\/index.php\/wp-json\/wp\/v2\/posts"}],"about":[{"href":"https:\/\/panoramatv.com.do\/index.php\/wp-json\/wp\/v2\/types\/post"}],"author":[{"embeddable":true,"href":"https:\/\/panoramatv.com.do\/index.php\/wp-json\/wp\/v2\/users\/1"}],"replies":[{"embeddable":true,"href":"https:\/\/panoramatv.com.do\/index.php\/wp-json\/wp\/v2\/comments?post=15931"}],"version-history":[{"count":0,"href":"https:\/\/panoramatv.com.do\/index.php\/wp-json\/wp\/v2\/posts\/15931\/revisions"}],"wp:featuredmedia":[{"embeddable":true,"href":"https:\/\/panoramatv.com.do\/index.php\/wp-json\/wp\/v2\/media\/15933"}],"wp:attachment":[{"href":"https:\/\/panoramatv.com.do\/index.php\/wp-json\/wp\/v2\/media?parent=15931"}],"wp:term":[{"taxonomy":"category","embeddable":true,"href":"https:\/\/panoramatv.com.do\/index.php\/wp-json\/wp\/v2\/categories?post=15931"},{"taxonomy":"post_tag","embeddable":true,"href":"https:\/\/panoramatv.com.do\/index.php\/wp-json\/wp\/v2\/tags?post=15931"}],"curies":[{"name":"wp","href":"https:\/\/api.w.org\/{rel}","templated":true}]}}