{"id":15688,"date":"2024-07-08T08:39:45","date_gmt":"2024-07-08T12:39:45","guid":{"rendered":"https:\/\/panoramatv.com.do\/?p=15688"},"modified":"2024-07-08T08:39:57","modified_gmt":"2024-07-08T12:39:57","slug":"minerd-publica-calendario-escolar-2024-2025","status":"publish","type":"post","link":"https:\/\/panoramatv.com.do\/index.php\/2024\/07\/08\/minerd-publica-calendario-escolar-2024-2025\/","title":{"rendered":"Minerd publica Calendario Escolar 2024-2025"},"content":{"rendered":"\n<p class=\"has-text-align-justify\">Santo Domingo.- Con un ritmo de trabajo sostenido en todas sus \u00e1reas estrat\u00e9gicas, el Ministerio de Educaci\u00f3n de la Rep\u00fablica Dominicana (Minerd) avanza en la organizaci\u00f3n del pr\u00f3ximo a\u00f1o escolar 2024-2025, cuya matr\u00edcula podr\u00eda superar los 2.6 millones de estudiantes.<\/p>\n\n\n\n<p class=\"has-text-align-justify\">Los primeros resultados de esa planificaci\u00f3n incluyen: la aprobaci\u00f3n del calendario escolar; la entrega de m\u00e1s de un mill\u00f3n de kits de uniformes y \u00fatiles escolares; la distribuci\u00f3n 250 mil unidades de mobiliario en los centros educativos; el inicio del env\u00edo de 12 millones de libros de texto y de 15,000 kits de material did\u00e1ctico.<\/p>\n\n\n\n<p class=\"has-text-align-justify\">A trav\u00e9s de la resoluci\u00f3n 10-2024, el Consejo de Educaci\u00f3n aprob\u00f3 el Calendario Escolar 2024-2025 que regular\u00e1 las actividades docentes y administrativas de los centros p\u00fablicos y privados con la finalidad de que los procesos pedag\u00f3gicos posibiliten el logro de los aprendizajes en tiempo oportuno.<\/p>\n\n\n<div class=\"wp-block-image\">\n<figure class=\"aligncenter size-large\"><img decoding=\"async\" src=\"https:\/\/xco-images.nyc3.digitaloceanspaces.com\/panoramatv.com.do\/wp-content\/uploads\/2024\/07\/ca0ef549-a0c5-4fe3-8e11-2d106842daaa-1-1024x768.jpg\" alt=\"\" class=\"wp-image-15690\"\/><figcaption class=\"wp-element-caption\">Minerd publica Calendario Escolar 2024-2025<\/figcaption><\/figure>\n<\/div>","protected":false},"excerpt":{"rendered":"<p>Santo Domingo.- Con un ritmo de trabajo sostenido en todas sus \u00e1reas estrat\u00e9gicas, el Ministerio de Educaci\u00f3n de la Rep\u00fablica Dominicana (Minerd) avanza en la organizaci\u00f3n del pr\u00f3ximo a\u00f1o escolar 2024-2025, cuya matr\u00edcula podr\u00eda superar los 2.6 millones de estudiantes. Los primeros resultados de esa planificaci\u00f3n incluyen: la aprobaci\u00f3n del calendario escolar; la entrega de [&hellip;]<\/p>\n","protected":false},"author":1,"featured_media":15690,"comment_status":"open","ping_status":"open","sticky":false,"template":"","format":"standard","meta":{"_jetpack_memberships_contains_paid_content":false,"footnotes":"","jetpack_publicize_message":"","jetpack_publicize_feature_enabled":true,"jetpack_social_post_already_shared":true,"jetpack_social_options":{"image_generator_settings":{"template":"highway","enabled":false}}},"categories":[2794],"tags":[3361,240,1769],"class_list":["post-15688","post","type-post","status-publish","format-standard","has-post-thumbnail","hentry","category-educacion","tag-ano-escolar","tag-minerd","tag-ministerio-de-educacion"],"jetpack_publicize_connections":[],"jetpack_sharing_enabled":true,"jetpack_featured_media_url":"https:\/\/panoramatv.com.do\/wp-content\/uploads\/2024\/07\/ca0ef549-a0c5-4fe3-8e11-2d106842daaa-1-1600x1200.jpg","jetpack_likes_enabled":true,"jetpack-related-posts":[],"_links":{"self":[{"href":"https:\/\/panoramatv.com.do\/index.php\/wp-json\/wp\/v2\/posts\/15688","targetHints":{"allow":["GET"]}}],"collection":[{"href":"https:\/\/panoramatv.com.do\/index.php\/wp-json\/wp\/v2\/posts"}],"about":[{"href":"https:\/\/panoramatv.com.do\/index.php\/wp-json\/wp\/v2\/types\/post"}],"author":[{"embeddable":true,"href":"https:\/\/panoramatv.com.do\/index.php\/wp-json\/wp\/v2\/users\/1"}],"replies":[{"embeddable":true,"href":"https:\/\/panoramatv.com.do\/index.php\/wp-json\/wp\/v2\/comments?post=15688"}],"version-history":[{"count":0,"href":"https:\/\/panoramatv.com.do\/index.php\/wp-json\/wp\/v2\/posts\/15688\/revisions"}],"wp:featuredmedia":[{"embeddable":true,"href":"https:\/\/panoramatv.com.do\/index.php\/wp-json\/wp\/v2\/media\/15690"}],"wp:attachment":[{"href":"https:\/\/panoramatv.com.do\/index.php\/wp-json\/wp\/v2\/media?parent=15688"}],"wp:term":[{"taxonomy":"category","embeddable":true,"href":"https:\/\/panoramatv.com.do\/index.php\/wp-json\/wp\/v2\/categories?post=15688"},{"taxonomy":"post_tag","embeddable":true,"href":"https:\/\/panoramatv.com.do\/index.php\/wp-json\/wp\/v2\/tags?post=15688"}],"curies":[{"name":"wp","href":"https:\/\/api.w.org\/{rel}","templated":true}]}}