{"id":15524,"date":"2024-06-29T17:14:39","date_gmt":"2024-06-29T21:14:39","guid":{"rendered":"https:\/\/panoramatv.com.do\/?p=15524"},"modified":"2024-06-29T17:14:49","modified_gmt":"2024-06-29T21:14:49","slug":"pediatras-se-actualizan-sobre-el-manejo-y-cuidado-de-la-piel-en-recien-nacidos","status":"publish","type":"post","link":"https:\/\/panoramatv.com.do\/index.php\/2024\/06\/29\/pediatras-se-actualizan-sobre-el-manejo-y-cuidado-de-la-piel-en-recien-nacidos\/","title":{"rendered":"Pediatras se actualizan sobre el manejo y cuidado de la piel en reci\u00e9n nacidos"},"content":{"rendered":"\n<p class=\"has-text-align-justify\"><strong>Santo Domingo.<\/strong>&nbsp;Informes revelan que el 90% de los 50 productos t\u00f3picos m\u00e1s vendidos para beb\u00e9s en Estados Unidos poseen 1-2&nbsp; agentes&nbsp;irritantes para el reci\u00e9n nacido, por lo que no todo lo que suele etiquetarse o promoverse como productos para beb\u00e9s o l\u00edneas org\u00e1nicas resultan seguras para los ni\u00f1os en su primer ciclo de vida, as\u00ed recalcaron en el reciente encuentro de actualizaci\u00f3n de la Sociedad Dominicana de Pediatr\u00eda.<\/p>\n\n\n\n<p class=\"has-text-align-justify\">Las declaraciones fueron expuestas en el marco del reciente desayuno panel de esta sociedad m\u00e9dica especializada, quienes dedicaron este encuentro a profundizar sobre las caracter\u00edsticas y manejo adecuado de la piel en neonatos.<\/p>\n\n\n\n<p class=\"has-text-align-justify\">La doctora Carmen Gloria Gonz\u00e1lez, dermat\u00f3loga pediatra invitada desde Chile, destac\u00f3 que el&nbsp; 20%&nbsp;de las consultas pedi\u00e1tricas son derivadas de dudas o afecciones en la piel de los ni\u00f1os, motivo que impulsa a continuar&nbsp; la educaci\u00f3n y actualizaci\u00f3n continua del pediatra sobre aquellas patolog\u00edas comunes, las cuales pueden ser tratadas&nbsp; por estos especialistas&nbsp; en consulta. Ya para casos m\u00e1s complejos, se recomienda el referimiento a un dermat\u00f3logo especializado en infantes.<\/p>\n\n\n\n<p class=\"has-text-align-justify\">\u201cDebido a los cambios fisiol\u00f3gicos y periodo de transici\u00f3n natural de los ni\u00f1os es frecuente observar cambios en la piel durante la primera infancia. La dermatitis del pa\u00f1al (pa\u00f1alitis), dermatitis seborreica, acn\u00e9 neonatal y miliaria&nbsp;o sudamina son algunas de las principales afecciones de la piel en neonatos, siendo estas en su mayor\u00eda benignas y autolimitadas\u201d&nbsp; explic\u00f3 la dermat\u00f3loga.<\/p>\n\n\n\n<p class=\"has-text-align-justify\">Otras afecciones que tambi\u00e9n pueden observarse a edades tempranas, pero las cuales si requieren de manejo m\u00e9dico especializado (debido a que pueden tener complicaciones) son los hemangiomas, la dermatitis at\u00f3pica y las malformaciones vasculares.&nbsp; En el caso de la dermatitis at\u00f3pica, esta puede afectar al 15% de la poblaci\u00f3n. Se manifiesta como lesiones que pican en zonas espec\u00edficas de la piel, la cual se ve roja descamada y puede tener signos de rascados y heridas.<\/p>\n\n\n<div class=\"wp-block-image\">\n<figure class=\"aligncenter size-large\"><img decoding=\"async\" src=\"https:\/\/xco-images.nyc3.digitaloceanspaces.com\/panoramatv.com.do\/wp-content\/uploads\/2024\/06\/0-114-1024x768.jpg\" alt=\"\" class=\"wp-image-15526\"\/><figcaption class=\"wp-element-caption\">Pediatras se actualizan sobre el manejo y cuidado de la piel en reci\u00e9n nacidos<\/figcaption><\/figure><\/div>","protected":false},"excerpt":{"rendered":"<p>Santo Domingo.&nbsp;Informes revelan que el 90% de los 50 productos t\u00f3picos m\u00e1s vendidos para beb\u00e9s en Estados Unidos poseen 1-2&nbsp; agentes&nbsp;irritantes para el reci\u00e9n nacido, por lo que no todo lo que suele etiquetarse o promoverse como productos para beb\u00e9s o l\u00edneas org\u00e1nicas resultan seguras para los ni\u00f1os en su primer ciclo de vida, as\u00ed [&hellip;]<\/p>\n","protected":false},"author":1,"featured_media":15525,"comment_status":"open","ping_status":"open","sticky":false,"template":"","format":"standard","meta":{"_jetpack_memberships_contains_paid_content":false,"footnotes":"","jetpack_publicize_message":"","jetpack_publicize_feature_enabled":true,"jetpack_social_post_already_shared":true,"jetpack_social_options":{"image_generator_settings":{"template":"highway","enabled":false}}},"categories":[8],"tags":[3319,984,3318],"class_list":["post-15524","post","type-post","status-publish","format-standard","has-post-thumbnail","hentry","category-panorama-de-salud","tag-dermatitis-atopica","tag-pediatras","tag-recien-nacidos"],"jetpack_publicize_connections":[],"jetpack_sharing_enabled":true,"jetpack_featured_media_url":"https:\/\/images.panoramatv.com.do\/wp-content\/uploads\/2024\/06\/0-113-1213x910.jpg","jetpack_likes_enabled":true,"jetpack-related-posts":[],"_links":{"self":[{"href":"https:\/\/panoramatv.com.do\/index.php\/wp-json\/wp\/v2\/posts\/15524"}],"collection":[{"href":"https:\/\/panoramatv.com.do\/index.php\/wp-json\/wp\/v2\/posts"}],"about":[{"href":"https:\/\/panoramatv.com.do\/index.php\/wp-json\/wp\/v2\/types\/post"}],"author":[{"embeddable":true,"href":"https:\/\/panoramatv.com.do\/index.php\/wp-json\/wp\/v2\/users\/1"}],"replies":[{"embeddable":true,"href":"https:\/\/panoramatv.com.do\/index.php\/wp-json\/wp\/v2\/comments?post=15524"}],"version-history":[{"count":0,"href":"https:\/\/panoramatv.com.do\/index.php\/wp-json\/wp\/v2\/posts\/15524\/revisions"}],"wp:featuredmedia":[{"embeddable":true,"href":"https:\/\/panoramatv.com.do\/index.php\/wp-json\/wp\/v2\/media\/15525"}],"wp:attachment":[{"href":"https:\/\/panoramatv.com.do\/index.php\/wp-json\/wp\/v2\/media?parent=15524"}],"wp:term":[{"taxonomy":"category","embeddable":true,"href":"https:\/\/panoramatv.com.do\/index.php\/wp-json\/wp\/v2\/categories?post=15524"},{"taxonomy":"post_tag","embeddable":true,"href":"https:\/\/panoramatv.com.do\/index.php\/wp-json\/wp\/v2\/tags?post=15524"}],"curies":[{"name":"wp","href":"https:\/\/api.w.org\/{rel}","templated":true}]}}