{"id":15482,"date":"2024-06-28T09:21:49","date_gmt":"2024-06-28T13:21:49","guid":{"rendered":"https:\/\/panoramatv.com.do\/?p=15482"},"modified":"2024-06-28T09:22:02","modified_gmt":"2024-06-28T13:22:02","slug":"alcaldia-del-dn-realiza-operativo-de-concientizacion-y-limpieza-en-avenida-independencia","status":"publish","type":"post","link":"https:\/\/panoramatv.com.do\/index.php\/2024\/06\/28\/alcaldia-del-dn-realiza-operativo-de-concientizacion-y-limpieza-en-avenida-independencia\/","title":{"rendered":"Alcald\u00eda del DN realiza operativo de concientizaci\u00f3n y limpieza en avenida Independencia"},"content":{"rendered":"\n<p class=\"has-text-align-justify\">Santo Domingo, D.N.- La Alcald\u00eda del Distrito Nacional llev\u00f3 a cabo una jornada de limpieza y concientizaci\u00f3n en la avenida Independencia, al tiempo de coordinar reuniones con los comunitarios para educar sobre la correcta gesti\u00f3n de los desechos s\u00f3lidos.<\/p>\n\n\n\n<p class=\"has-text-align-justify\">El operativo de limpieza de este jueves, encabezado por la Direcci\u00f3n de Desarrollo Comunitario, tuvo como finalidad rescatar espacios p\u00fablicos y entregarlos saneados a la ciudadan\u00eda.<\/p>\n\n\n\n<p class=\"has-text-align-justify\">En apoyo a la eliminaci\u00f3n de los vertederos, se utiliz\u00f3 un cami\u00f3n de bomberos para sanear el \u00e1rea. Asimismo, se limpiaron imbornales, as\u00ed como la realizaci\u00f3n de labores de cuneteo y pintura.&nbsp;<\/p>\n\n\n\n<p class=\"has-text-align-justify\">En la jornada, varios negocios fueron notificados para que coloquen sus zafacones dentro de los per\u00edmetros adecuados para la propiedad.<\/p>\n\n\n\n<figure class=\"wp-block-gallery has-nested-images columns-default is-cropped wp-block-gallery-1 is-layout-flex wp-block-gallery-is-layout-flex\">\n<figure class=\"wp-block-image size-large\"><img decoding=\"async\" data-id=\"15483\" src=\"https:\/\/xco-images.nyc3.digitaloceanspaces.com\/panoramatv.com.do\/wp-content\/uploads\/2024\/06\/0-107-1024x576.jpg\" alt=\"\" class=\"wp-image-15483\"\/><figcaption class=\"wp-element-caption\">Alcald\u00eda del DN realiza operativo de concientizaci\u00f3n y limpieza en avenida Independencia<\/figcaption><\/figure>\n\n\n\n<figure class=\"wp-block-image size-large\"><img decoding=\"async\" data-id=\"15484\" src=\"https:\/\/xco-images.nyc3.digitaloceanspaces.com\/panoramatv.com.do\/wp-content\/uploads\/2024\/06\/1-42-1024x576.jpg\" alt=\"\" class=\"wp-image-15484\"\/><\/figure>\n<\/figure>\n","protected":false},"excerpt":{"rendered":"<p>Santo Domingo, D.N.- La Alcald\u00eda del Distrito Nacional llev\u00f3 a cabo una jornada de limpieza y concientizaci\u00f3n en la avenida Independencia, al tiempo de coordinar reuniones con los comunitarios para educar sobre la correcta gesti\u00f3n de los desechos s\u00f3lidos. El operativo de limpieza de este jueves, encabezado por la Direcci\u00f3n de Desarrollo Comunitario, tuvo como [&hellip;]<\/p>\n","protected":false},"author":1,"featured_media":15483,"comment_status":"open","ping_status":"open","sticky":false,"template":"","format":"standard","meta":{"_jetpack_memberships_contains_paid_content":false,"footnotes":"","jetpack_publicize_message":"","jetpack_publicize_feature_enabled":true,"jetpack_social_post_already_shared":true,"jetpack_social_options":{"image_generator_settings":{"template":"highway","enabled":false}}},"categories":[2795],"tags":[176,3308,3309,226],"class_list":["post-15482","post","type-post","status-publish","format-standard","has-post-thumbnail","hentry","category-alcaldia-distrito-nacional","tag-alcaldia-sdn","tag-jornada-de-limpieza","tag-oncientizacion","tag-operativo"],"jetpack_publicize_connections":[],"jetpack_sharing_enabled":true,"jetpack_featured_media_url":"https:\/\/panoramatv.com.do\/wp-content\/uploads\/2024\/06\/0-107-1093x615.jpg","jetpack_likes_enabled":true,"jetpack-related-posts":[],"_links":{"self":[{"href":"https:\/\/panoramatv.com.do\/index.php\/wp-json\/wp\/v2\/posts\/15482","targetHints":{"allow":["GET"]}}],"collection":[{"href":"https:\/\/panoramatv.com.do\/index.php\/wp-json\/wp\/v2\/posts"}],"about":[{"href":"https:\/\/panoramatv.com.do\/index.php\/wp-json\/wp\/v2\/types\/post"}],"author":[{"embeddable":true,"href":"https:\/\/panoramatv.com.do\/index.php\/wp-json\/wp\/v2\/users\/1"}],"replies":[{"embeddable":true,"href":"https:\/\/panoramatv.com.do\/index.php\/wp-json\/wp\/v2\/comments?post=15482"}],"version-history":[{"count":0,"href":"https:\/\/panoramatv.com.do\/index.php\/wp-json\/wp\/v2\/posts\/15482\/revisions"}],"wp:featuredmedia":[{"embeddable":true,"href":"https:\/\/panoramatv.com.do\/index.php\/wp-json\/wp\/v2\/media\/15483"}],"wp:attachment":[{"href":"https:\/\/panoramatv.com.do\/index.php\/wp-json\/wp\/v2\/media?parent=15482"}],"wp:term":[{"taxonomy":"category","embeddable":true,"href":"https:\/\/panoramatv.com.do\/index.php\/wp-json\/wp\/v2\/categories?post=15482"},{"taxonomy":"post_tag","embeddable":true,"href":"https:\/\/panoramatv.com.do\/index.php\/wp-json\/wp\/v2\/tags?post=15482"}],"curies":[{"name":"wp","href":"https:\/\/api.w.org\/{rel}","templated":true}]}}