{"id":15478,"date":"2024-06-28T08:15:19","date_gmt":"2024-06-28T12:15:19","guid":{"rendered":"https:\/\/panoramatv.com.do\/?p=15478"},"modified":"2024-06-28T08:15:32","modified_gmt":"2024-06-28T12:15:32","slug":"el-dia-mundial-del-arbol-se-celebra-para-concienciar-sobre-la-importancia-de-los-arboles","status":"publish","type":"post","link":"https:\/\/panoramatv.com.do\/index.php\/2024\/06\/28\/el-dia-mundial-del-arbol-se-celebra-para-concienciar-sobre-la-importancia-de-los-arboles\/","title":{"rendered":"El D\u00eda Mundial del \u00c1rbol se celebra para concienciar sobre la importancia de los \u00e1rboles"},"content":{"rendered":"\n<p class=\"has-text-align-justify\">El D\u00eda Mundial del \u00c1rbol se celebra para concienciar sobre la importancia de los \u00e1rboles y los bosques en el medio ambiente y en nuestras vidas. Esta celebraci\u00f3n var\u00eda en su fecha seg\u00fan el pa\u00eds, pero a nivel internacional se suele reconocer el 28 de junio como una fecha significativa.<\/p>\n\n\n\n<h3 class=\"wp-block-heading\">Origen y Objetivos del D\u00eda Mundial del \u00c1rbol<\/h3>\n\n\n\n<p class=\"has-text-align-justify\">El D\u00eda Mundial del \u00c1rbol fue instituido para fomentar la conservaci\u00f3n y el cuidado de los \u00e1rboles y los bosques. Su origen se remonta a finales del siglo XIX, cuando el pol\u00edtico y periodista estadounidense J. Sterling Morton propuso un d\u00eda especial para plantar \u00e1rboles en el estado de Nebraska, Estados Unidos. Esta iniciativa se conoce como \u00abArbor Day\u00bb y se celebr\u00f3 por primera vez el 10 de abril de 1872, logrando la plantaci\u00f3n de m\u00e1s de un mill\u00f3n de \u00e1rboles.<\/p>\n\n\n<div class=\"wp-block-image\">\n<figure class=\"aligncenter size-full\"><img decoding=\"async\" src=\"https:\/\/xco-images.nyc3.digitaloceanspaces.com\/panoramatv.com.do\/wp-content\/uploads\/2024\/06\/52690.webp\" alt=\"\" class=\"wp-image-15479\"\/><figcaption class=\"wp-element-caption\">El D\u00eda Mundial del \u00c1rbol se celebra para concienciar sobre la importancia de los \u00e1rboles<\/figcaption><\/figure>\n<\/div>\n\n\n<p>Los objetivos principales del D\u00eda Mundial del \u00c1rbol son:<\/p>\n\n\n\n<ol class=\"wp-block-list\">\n<li><strong>Concienciaci\u00f3n Ambiental<\/strong>: Informar y educar a las personas sobre la importancia de los \u00e1rboles en el ecosistema y su rol en la lucha contra el cambio clim\u00e1tico.<\/li>\n\n\n\n<li><strong>Reforestaci\u00f3n<\/strong>: Promover la plantaci\u00f3n de \u00e1rboles para aumentar la cobertura forestal, mejorar la calidad del aire y el suelo, y proporcionar h\u00e1bitats para la vida silvestre.<\/li>\n\n\n\n<li><strong>Protecci\u00f3n de Bosques<\/strong>: Fomentar la conservaci\u00f3n de los bosques existentes y la lucha contra la deforestaci\u00f3n.<\/li>\n<\/ol>\n\n\n\n<h3 class=\"wp-block-heading\">Importancia de los \u00c1rboles<\/h3>\n\n\n\n<ol class=\"wp-block-list\">\n<li><strong>Regulaci\u00f3n del Clima<\/strong>: Los \u00e1rboles absorben di\u00f3xido de carbono (CO2) y liberan ox\u00edgeno (O2), contribuyendo a la mitigaci\u00f3n del cambio clim\u00e1tico.<\/li>\n\n\n\n<li><strong>H\u00e1bitat para la Fauna<\/strong>: Proporcionan refugio y alimento a diversas especies de animales y plantas.<\/li>\n\n\n\n<li><strong>Control de la Erosi\u00f3n<\/strong>: Sus ra\u00edces ayudan a mantener el suelo en su lugar, previniendo la erosi\u00f3n y mejorando la salud del suelo.<\/li>\n\n\n\n<li><strong>Recursos Econ\u00f3micos<\/strong>: Los \u00e1rboles proporcionan madera, frutos, resinas, y otros productos que son fundamentales para muchas econom\u00edas locales y globales.<\/li>\n\n\n\n<li><strong>Bienestar Humano<\/strong>: Contribuyen al bienestar f\u00edsico y mental de las personas, mejorando la calidad del aire y proporcionando espacios recreativos y est\u00e9ticos.<\/li>\n<\/ol>\n\n\n<div class=\"wp-block-image\">\n<figure class=\"aligncenter size-full is-resized\"><img decoding=\"async\" src=\"https:\/\/xco-images.nyc3.digitaloceanspaces.com\/panoramatv.com.do\/wp-content\/uploads\/2024\/06\/dia-del-arbol-celebracion-en-colombia_11zon.webp\" alt=\"\" class=\"wp-image-15480\" style=\"width:668px;height:auto\"\/><\/figure>\n<\/div>\n\n\n<h3 class=\"wp-block-heading\">C\u00f3mo Celebrar el D\u00eda Mundial del \u00c1rbol<\/h3>\n\n\n\n<ol class=\"wp-block-list\">\n<li><strong>Plantar un \u00c1rbol<\/strong>: Participar en campa\u00f1as de reforestaci\u00f3n o plantar un \u00e1rbol en tu comunidad.<\/li>\n\n\n\n<li><strong>Educaci\u00f3n Ambiental<\/strong>: Organizar o asistir a charlas, talleres y actividades educativas sobre la importancia de los \u00e1rboles.<\/li>\n\n\n\n<li><strong>Conservaci\u00f3n<\/strong>: Apoyar proyectos y organizaciones que trabajan en la conservaci\u00f3n de bosques y \u00e1reas verdes.<\/li>\n\n\n\n<li><strong>Reducir el Uso de Papel<\/strong>: Implementar pr\u00e1cticas sostenibles que reduzcan el consumo de productos derivados de los \u00e1rboles.<\/li>\n\n\n\n<li><strong>Voluntariado<\/strong>: Participar en actividades de limpieza y mantenimiento de parques y reservas naturales.<\/li>\n<\/ol>\n\n\n\n<p>Cada pa\u00eds tiene sus propias tradiciones y eventos espec\u00edficos para conmemorar este d\u00eda, adaptados a sus condiciones clim\u00e1ticas y ecol\u00f3gicas.<\/p>\n\n\n\n<p>Promover y participar en la celebraci\u00f3n del D\u00eda Mundial del \u00c1rbol es una manera efectiva de contribuir al bienestar del planeta y de las futuras generaciones.<\/p>\n","protected":false},"excerpt":{"rendered":"<p>El D\u00eda Mundial del \u00c1rbol se celebra para concienciar sobre la importancia de los \u00e1rboles y los bosques en el medio ambiente y en nuestras vidas. Esta celebraci\u00f3n var\u00eda en su fecha seg\u00fan el pa\u00eds, pero a nivel internacional se suele reconocer el 28 de junio como una fecha significativa. Origen y Objetivos del D\u00eda [&hellip;]<\/p>\n","protected":false},"author":1,"featured_media":15479,"comment_status":"open","ping_status":"open","sticky":false,"template":"","format":"standard","meta":{"_jetpack_memberships_contains_paid_content":false,"footnotes":"","jetpack_publicize_message":"","jetpack_publicize_feature_enabled":true,"jetpack_social_post_already_shared":true,"jetpack_social_options":{"image_generator_settings":{"template":"highway","enabled":false}}},"categories":[48],"tags":[3306,3307,2513],"class_list":["post-15478","post","type-post","status-publish","format-standard","has-post-thumbnail","hentry","category-efemerides","tag-arboles","tag-dia-mundial-del-arbol","tag-efemerides"],"jetpack_publicize_connections":[],"jetpack_sharing_enabled":true,"jetpack_featured_media_url":"https:\/\/panoramatv.com.do\/wp-content\/uploads\/2024\/06\/52690.webp","jetpack_likes_enabled":true,"jetpack-related-posts":[],"_links":{"self":[{"href":"https:\/\/panoramatv.com.do\/index.php\/wp-json\/wp\/v2\/posts\/15478","targetHints":{"allow":["GET"]}}],"collection":[{"href":"https:\/\/panoramatv.com.do\/index.php\/wp-json\/wp\/v2\/posts"}],"about":[{"href":"https:\/\/panoramatv.com.do\/index.php\/wp-json\/wp\/v2\/types\/post"}],"author":[{"embeddable":true,"href":"https:\/\/panoramatv.com.do\/index.php\/wp-json\/wp\/v2\/users\/1"}],"replies":[{"embeddable":true,"href":"https:\/\/panoramatv.com.do\/index.php\/wp-json\/wp\/v2\/comments?post=15478"}],"version-history":[{"count":0,"href":"https:\/\/panoramatv.com.do\/index.php\/wp-json\/wp\/v2\/posts\/15478\/revisions"}],"wp:featuredmedia":[{"embeddable":true,"href":"https:\/\/panoramatv.com.do\/index.php\/wp-json\/wp\/v2\/media\/15479"}],"wp:attachment":[{"href":"https:\/\/panoramatv.com.do\/index.php\/wp-json\/wp\/v2\/media?parent=15478"}],"wp:term":[{"taxonomy":"category","embeddable":true,"href":"https:\/\/panoramatv.com.do\/index.php\/wp-json\/wp\/v2\/categories?post=15478"},{"taxonomy":"post_tag","embeddable":true,"href":"https:\/\/panoramatv.com.do\/index.php\/wp-json\/wp\/v2\/tags?post=15478"}],"curies":[{"name":"wp","href":"https:\/\/api.w.org\/{rel}","templated":true}]}}