{"id":15445,"date":"2024-06-27T09:39:07","date_gmt":"2024-06-27T13:39:07","guid":{"rendered":"https:\/\/panoramatv.com.do\/?p=15445"},"modified":"2024-06-27T09:39:19","modified_gmt":"2024-06-27T13:39:19","slug":"diputados-aprueban-proyectos-para-prevenir-ceguera-en-prematuros-y-para-debate-electoral","status":"publish","type":"post","link":"https:\/\/panoramatv.com.do\/index.php\/2024\/06\/27\/diputados-aprueban-proyectos-para-prevenir-ceguera-en-prematuros-y-para-debate-electoral\/","title":{"rendered":"Diputados aprueban proyectos para prevenir ceguera en prematuros y para Debate Electoral"},"content":{"rendered":"\n<p class=\"has-text-align-justify\">SANTO DOMINGO. \u2013La C\u00e1mara de Diputados aprob\u00f3 en segunda lectura el proyecto de ley para la prevenci\u00f3n de la ceguera y la discapacidad visual en ni\u00f1os prematuros en la Rep\u00fablica Dominicana, el cual tiene por objeto establecer los principios y normas generales que promuevan y garanticen la prevenci\u00f3n de estos males.<br><br>La pieza legislativa que ahora pasa al Senado, de la autor\u00eda de la diputada Mar\u00eda Mercedes Fern\u00e1ndez, contempla que los m\u00e9dicos neonat\u00f3logos y el centro m\u00e9dico receptor del reci\u00e9n nacido prematuro est\u00e1n obligados a procurar la correcta ejecuci\u00f3n de los actos que conllevan los tratamientos preventivos correspondientes.<\/p>\n\n\n\n<p class=\"has-text-align-justify\">En la pieza legislativa se crea el Consejo Nacional de Prevenci\u00f3n de la Ceguera y Discapacidad Visual en Reci\u00e9n Nacidos Prematuros, adscrito al Ministerio de Salud P\u00fablica y Asistencia Social, como entidad aut\u00f3noma responsable de realizar los actos y ejercer las funciones establecidas en la presente ley.<\/p>\n\n\n<div class=\"wp-block-image\">\n<figure class=\"aligncenter size-full\"><img decoding=\"async\" src=\"https:\/\/xco-images.nyc3.digitaloceanspaces.com\/panoramatv.com.do\/wp-content\/uploads\/2024\/06\/0-104-922x615.jpg\" alt=\"\" class=\"wp-image-15447\"\/><figcaption class=\"wp-element-caption\">Diputados aprueban proyectos para prevenir ceguera en prematuros y para Debate Electoral<\/figcaption><\/figure>\n<\/div>","protected":false},"excerpt":{"rendered":"<p>SANTO DOMINGO. \u2013La C\u00e1mara de Diputados aprob\u00f3 en segunda lectura el proyecto de ley para la prevenci\u00f3n de la ceguera y la discapacidad visual en ni\u00f1os prematuros en la Rep\u00fablica Dominicana, el cual tiene por objeto establecer los principios y normas generales que promuevan y garanticen la prevenci\u00f3n de estos males. La pieza legislativa que [&hellip;]<\/p>\n","protected":false},"author":1,"featured_media":15447,"comment_status":"open","ping_status":"open","sticky":false,"template":"","format":"standard","meta":{"_jetpack_memberships_contains_paid_content":false,"footnotes":"","jetpack_publicize_message":"","jetpack_publicize_feature_enabled":true,"jetpack_social_post_already_shared":true,"jetpack_social_options":{"image_generator_settings":{"template":"highway","enabled":false}}},"categories":[1],"tags":[759,3300],"class_list":["post-15445","post","type-post","status-publish","format-standard","has-post-thumbnail","hentry","category-actualidad","tag-camara-de-diputados","tag-debate-electoral"],"jetpack_publicize_connections":[],"jetpack_sharing_enabled":true,"jetpack_featured_media_url":"https:\/\/panoramatv.com.do\/wp-content\/uploads\/2024\/06\/0-104-922x615.jpg","jetpack_likes_enabled":true,"jetpack-related-posts":[],"_links":{"self":[{"href":"https:\/\/panoramatv.com.do\/index.php\/wp-json\/wp\/v2\/posts\/15445","targetHints":{"allow":["GET"]}}],"collection":[{"href":"https:\/\/panoramatv.com.do\/index.php\/wp-json\/wp\/v2\/posts"}],"about":[{"href":"https:\/\/panoramatv.com.do\/index.php\/wp-json\/wp\/v2\/types\/post"}],"author":[{"embeddable":true,"href":"https:\/\/panoramatv.com.do\/index.php\/wp-json\/wp\/v2\/users\/1"}],"replies":[{"embeddable":true,"href":"https:\/\/panoramatv.com.do\/index.php\/wp-json\/wp\/v2\/comments?post=15445"}],"version-history":[{"count":0,"href":"https:\/\/panoramatv.com.do\/index.php\/wp-json\/wp\/v2\/posts\/15445\/revisions"}],"wp:featuredmedia":[{"embeddable":true,"href":"https:\/\/panoramatv.com.do\/index.php\/wp-json\/wp\/v2\/media\/15447"}],"wp:attachment":[{"href":"https:\/\/panoramatv.com.do\/index.php\/wp-json\/wp\/v2\/media?parent=15445"}],"wp:term":[{"taxonomy":"category","embeddable":true,"href":"https:\/\/panoramatv.com.do\/index.php\/wp-json\/wp\/v2\/categories?post=15445"},{"taxonomy":"post_tag","embeddable":true,"href":"https:\/\/panoramatv.com.do\/index.php\/wp-json\/wp\/v2\/tags?post=15445"}],"curies":[{"name":"wp","href":"https:\/\/api.w.org\/{rel}","templated":true}]}}