{"id":15442,"date":"2024-06-27T09:36:30","date_gmt":"2024-06-27T13:36:30","guid":{"rendered":"https:\/\/panoramatv.com.do\/?p=15442"},"modified":"2024-06-27T09:36:45","modified_gmt":"2024-06-27T13:36:45","slug":"pro-consumidor-asegura-estabilidad-en-precio-del-arroz","status":"publish","type":"post","link":"https:\/\/panoramatv.com.do\/index.php\/2024\/06\/27\/pro-consumidor-asegura-estabilidad-en-precio-del-arroz\/","title":{"rendered":"Pro Consumidor asegura estabilidad en precio del arroz"},"content":{"rendered":"\n<p class=\"has-text-align-justify\"><strong>SANTIAGO. &#8211;&nbsp;<\/strong>El director ejecutivo del Instituto Nacional de Protecci\u00f3n de los Derechos del Consumidor (Pro Consumidor), Eddy Alc\u00e1ntara, asegur\u00f3 hoy que en el pa\u00eds hay suficiente cantidad de arroz, lo que garantiza la estabilidad en el precio en el mercado nacional.<\/p>\n\n\n\n<p class=\"has-text-align-justify\">Alc\u00e1ntara, quien se reuni\u00f3 con los directivos de la Asociaci\u00f3n Dominicana de Factor\u00edas de Arroz (ADOFA), manifest\u00f3 que estas industrias garantizaron el abastecimiento del cereal a todo el tejido comercial del pa\u00eds \u201cy d\u00e1ndole cumplimiento a la resoluci\u00f3n de la Comisi\u00f3n Nacional Arrocera en lo que tiene que ver con el precio de venta a los distribuidores\u201d.<\/p>\n\n\n\n<p class=\"has-text-align-justify\">El funcionario explic\u00f3 que en los \u00faltimos d\u00edas viene visitando factor\u00edas en diferentes puntos del pa\u00eds, principalmente en la regi\u00f3n norte, para conocer el inventario del cereal que tiene cada una, \u201cy hemos conversado con sus propietarios y todos coinciden que tienen arroz suficiente para abastecer la demanda nacional\u201d.<\/p>\n\n\n<div class=\"wp-block-image\">\n<figure class=\"aligncenter size-full\"><img decoding=\"async\" src=\"https:\/\/xco-images.nyc3.digitaloceanspaces.com\/panoramatv.com.do\/wp-content\/uploads\/2024\/06\/0-102-820x615.jpg\" alt=\"\" class=\"wp-image-15443\"\/><figcaption class=\"wp-element-caption\">Pro Consumidor asegura estabilidad en precio del arroz<\/figcaption><\/figure>\n<\/div>","protected":false},"excerpt":{"rendered":"<p>SANTIAGO. &#8211;&nbsp;El director ejecutivo del Instituto Nacional de Protecci\u00f3n de los Derechos del Consumidor (Pro Consumidor), Eddy Alc\u00e1ntara, asegur\u00f3 hoy que en el pa\u00eds hay suficiente cantidad de arroz, lo que garantiza la estabilidad en el precio en el mercado nacional. Alc\u00e1ntara, quien se reuni\u00f3 con los directivos de la Asociaci\u00f3n Dominicana de Factor\u00edas de [&hellip;]<\/p>\n","protected":false},"author":1,"featured_media":15443,"comment_status":"open","ping_status":"open","sticky":false,"template":"","format":"standard","meta":{"_jetpack_memberships_contains_paid_content":false,"footnotes":"","jetpack_publicize_message":"","jetpack_publicize_feature_enabled":true,"jetpack_social_post_already_shared":true,"jetpack_social_options":{"image_generator_settings":{"template":"highway","enabled":false}}},"categories":[2802],"tags":[2112,1816],"class_list":["post-15442","post","type-post","status-publish","format-standard","has-post-thumbnail","hentry","category-economia-y-negocios","tag-derechos-del-consumidor","tag-pro-consumidor"],"jetpack_publicize_connections":[],"jetpack_sharing_enabled":true,"jetpack_featured_media_url":"https:\/\/panoramatv.com.do\/wp-content\/uploads\/2024\/06\/0-102-820x615.jpg","jetpack_likes_enabled":true,"jetpack-related-posts":[],"_links":{"self":[{"href":"https:\/\/panoramatv.com.do\/index.php\/wp-json\/wp\/v2\/posts\/15442","targetHints":{"allow":["GET"]}}],"collection":[{"href":"https:\/\/panoramatv.com.do\/index.php\/wp-json\/wp\/v2\/posts"}],"about":[{"href":"https:\/\/panoramatv.com.do\/index.php\/wp-json\/wp\/v2\/types\/post"}],"author":[{"embeddable":true,"href":"https:\/\/panoramatv.com.do\/index.php\/wp-json\/wp\/v2\/users\/1"}],"replies":[{"embeddable":true,"href":"https:\/\/panoramatv.com.do\/index.php\/wp-json\/wp\/v2\/comments?post=15442"}],"version-history":[{"count":0,"href":"https:\/\/panoramatv.com.do\/index.php\/wp-json\/wp\/v2\/posts\/15442\/revisions"}],"wp:featuredmedia":[{"embeddable":true,"href":"https:\/\/panoramatv.com.do\/index.php\/wp-json\/wp\/v2\/media\/15443"}],"wp:attachment":[{"href":"https:\/\/panoramatv.com.do\/index.php\/wp-json\/wp\/v2\/media?parent=15442"}],"wp:term":[{"taxonomy":"category","embeddable":true,"href":"https:\/\/panoramatv.com.do\/index.php\/wp-json\/wp\/v2\/categories?post=15442"},{"taxonomy":"post_tag","embeddable":true,"href":"https:\/\/panoramatv.com.do\/index.php\/wp-json\/wp\/v2\/tags?post=15442"}],"curies":[{"name":"wp","href":"https:\/\/api.w.org\/{rel}","templated":true}]}}