{"id":15423,"date":"2024-06-27T09:01:45","date_gmt":"2024-06-27T13:01:45","guid":{"rendered":"https:\/\/panoramatv.com.do\/?p=15423"},"modified":"2024-06-27T09:01:58","modified_gmt":"2024-06-27T13:01:58","slug":"juan-ariel-jimenez-necesario-reenfocar-acciones-economicas-del-gobierno","status":"publish","type":"post","link":"https:\/\/panoramatv.com.do\/index.php\/2024\/06\/27\/juan-ariel-jimenez-necesario-reenfocar-acciones-economicas-del-gobierno\/","title":{"rendered":"Juan Ariel Jim\u00e9nez: necesario reenfocar acciones econ\u00f3micas del Gobierno"},"content":{"rendered":"\n<p class=\"has-text-align-justify\">El economista y catedr\u00e1tico universitario, Juan Ariel Jim\u00e9nez, afirm\u00f3 que es necesario reenfocar acciones econ\u00f3micas del Gobierno ante una reforma fiscal.<\/p>\n\n\n\n<p class=\"has-text-align-justify\">Jim\u00e9nez destac\u00f3 &nbsp;en el programa &nbsp;\u201cEl Rumbo de la Ma\u00f1ana\u201d que &nbsp;el aumento de la n\u00f3mina del gobierno, las pensiones no justificadas y los subsidios sociales, son algunos de los temas a ver para reenfocar estas acciones econ\u00f3micas.<\/p>\n\n\n\n<p class=\"has-text-align-justify\">Adem\u00e1s, resalt\u00f3 que el tama\u00f1o de la Reforma Fiscal que propone el Gobierno podr\u00eda ser alrededor de 150 mil millones de pesos y que de esto m\u00e1s de 100, 802 millones corresponde a aumento en n\u00f3mina p\u00fablica .<\/p>\n\n\n\n<p class=\"has-text-align-justify\"><strong>El aumento de la n\u00f3mina p\u00fablica asciende casi al 50%<br><\/strong><br>El miembro del Partido de la Liberaci\u00f3n Dominicana (PLD),enfatiz\u00f3 que en &nbsp;tan solo cuatro a\u00f1os de gobierno, la n\u00f3mina p\u00fablica ha aumentado a casi un 50%, ascendiendo a m\u00e1s de 100, 812 millones de pesos anuales.<\/p>\n\n\n\n<p class=\"has-text-align-justify\">\u201cEs muy extra\u00f1o que haya habido un aumento de n\u00f3mina tan fuerte, concomitantemente con el deterioro de los servicios p\u00fablicos. Si antes el Gobierno pagaba dos pesos en n\u00f3mina, hoy gasta tres\u201d, afirm\u00f3 el tambi\u00e9n profesor de Harvard.<\/p>\n\n\n\n<p><strong>Jubilaciones y pensiones<\/strong><\/p>\n\n\n\n<p class=\"has-text-align-justify\">El catedr\u00e1tico universitario puntualiz\u00f3 que ya hay m\u00e1s de 60 mil personas pensionadas y muchas de ellas ni siquiera cumplen la edad que exige la ley, ni los a\u00f1os de servicio en el Gobierno.<\/p>\n\n\n\n<p>\u201cEstamos hablando de que el aumento en gastos y pensiones es de 26, 400 millones de pesos anuales\u201d, dijo el economista.<\/p>\n\n\n\n<p class=\"has-text-align-justify\">Jim\u00e9nez indic\u00f3 que el gasto en subsidios aument\u00f3 m\u00e1s de 35 mil millones de pesos anuales: \u201cEso es porque aqu\u00ed se quiere regalar el dinero a diestra y siniestra, a las madres se les da un cari\u00f1ito, a los estudiantes en febrero se les da un bono , en la Navidad una brisita\u201d, explic\u00f3.<\/p>\n\n\n\n<p class=\"has-text-align-justify\">Asimismo, el destacado economista dijo que en estos tres puntos, aumento de n\u00f3mina, pensiones y ayudas supera los 163 mil millones de pesos , m\u00e1s del tama\u00f1o de la reforma que se va a realizar.<\/p>\n\n\n\n<figure class=\"wp-block-image size-full\"><img decoding=\"async\" src=\"https:\/\/xco-images.nyc3.digitaloceanspaces.com\/panoramatv.com.do\/wp-content\/uploads\/2024\/06\/0-97-848x615.jpg\" alt=\"\" class=\"wp-image-15424\"\/><\/figure>\n","protected":false},"excerpt":{"rendered":"<p>El economista y catedr\u00e1tico universitario, Juan Ariel Jim\u00e9nez, afirm\u00f3 que es necesario reenfocar acciones econ\u00f3micas del Gobierno ante una reforma fiscal. Jim\u00e9nez destac\u00f3 &nbsp;en el programa &nbsp;\u201cEl Rumbo de la Ma\u00f1ana\u201d que &nbsp;el aumento de la n\u00f3mina del gobierno, las pensiones no justificadas y los subsidios sociales, son algunos de los temas a ver para [&hellip;]<\/p>\n","protected":false},"author":1,"featured_media":15424,"comment_status":"open","ping_status":"open","sticky":false,"template":"","format":"standard","meta":{"_jetpack_memberships_contains_paid_content":false,"footnotes":"","jetpack_publicize_message":"","jetpack_publicize_feature_enabled":true,"jetpack_social_post_already_shared":true,"jetpack_social_options":{"image_generator_settings":{"template":"highway","enabled":false}}},"categories":[7],"tags":[3295,36],"class_list":["post-15423","post","type-post","status-publish","format-standard","has-post-thumbnail","hentry","category-panorama-politico","tag-juan-ariel-jimenez","tag-politica"],"jetpack_publicize_connections":[],"jetpack_sharing_enabled":true,"jetpack_featured_media_url":"https:\/\/panoramatv.com.do\/wp-content\/uploads\/2024\/06\/0-97-848x615.jpg","jetpack_likes_enabled":true,"jetpack-related-posts":[],"_links":{"self":[{"href":"https:\/\/panoramatv.com.do\/index.php\/wp-json\/wp\/v2\/posts\/15423","targetHints":{"allow":["GET"]}}],"collection":[{"href":"https:\/\/panoramatv.com.do\/index.php\/wp-json\/wp\/v2\/posts"}],"about":[{"href":"https:\/\/panoramatv.com.do\/index.php\/wp-json\/wp\/v2\/types\/post"}],"author":[{"embeddable":true,"href":"https:\/\/panoramatv.com.do\/index.php\/wp-json\/wp\/v2\/users\/1"}],"replies":[{"embeddable":true,"href":"https:\/\/panoramatv.com.do\/index.php\/wp-json\/wp\/v2\/comments?post=15423"}],"version-history":[{"count":0,"href":"https:\/\/panoramatv.com.do\/index.php\/wp-json\/wp\/v2\/posts\/15423\/revisions"}],"wp:featuredmedia":[{"embeddable":true,"href":"https:\/\/panoramatv.com.do\/index.php\/wp-json\/wp\/v2\/media\/15424"}],"wp:attachment":[{"href":"https:\/\/panoramatv.com.do\/index.php\/wp-json\/wp\/v2\/media?parent=15423"}],"wp:term":[{"taxonomy":"category","embeddable":true,"href":"https:\/\/panoramatv.com.do\/index.php\/wp-json\/wp\/v2\/categories?post=15423"},{"taxonomy":"post_tag","embeddable":true,"href":"https:\/\/panoramatv.com.do\/index.php\/wp-json\/wp\/v2\/tags?post=15423"}],"curies":[{"name":"wp","href":"https:\/\/api.w.org\/{rel}","templated":true}]}}