{"id":15419,"date":"2024-06-27T08:54:59","date_gmt":"2024-06-27T12:54:59","guid":{"rendered":"https:\/\/panoramatv.com.do\/?p=15419"},"modified":"2024-06-27T08:55:13","modified_gmt":"2024-06-27T12:55:13","slug":"comision-dd-hh-escucha-posicion-de-juez-sobre-anteproyecto-de-excarcelacion","status":"publish","type":"post","link":"https:\/\/panoramatv.com.do\/index.php\/2024\/06\/27\/comision-dd-hh-escucha-posicion-de-juez-sobre-anteproyecto-de-excarcelacion\/","title":{"rendered":"Comisi\u00f3n DD-HH escucha posici\u00f3n de juez sobre anteproyecto de excarcelaci\u00f3n"},"content":{"rendered":"\n<p class=\"has-text-align-justify\">SANTO DOMINGO.- En la C\u00e1mara de Diputados la Comisi\u00f3n de Derechos Humanos escuch\u00f3 a Richard Aquino Natera, juez de ejecuci\u00f3n de la pena en Santo Domingo. El objetivo del encuentro fue intercambiar impresiones sobre un anteproyecto de ley que establece un programa de excarcelaci\u00f3n para personas condenadas por la comisi\u00f3n de delitos e infracciones a las leyes.<\/p>\n\n\n\n<p class=\"has-text-align-justify\">El presidente de la Comisi\u00f3n, diputado Juan Dionicio Rodr\u00edguez Restituyo, destac\u00f3 la importancia de esta iniciativa para garantizar los derechos de las personas condenadas y promover la reinserci\u00f3n social.<\/p>\n\n\n\n<p class=\"has-text-align-justify\">Dijo \u201chay muchas personas recluidas en condiciones graves de salud, parapl\u00e9jicas, donde otros reclusos les dan alimentos, y hay adultos mayores de 70 a\u00f1os, por lo que este anteproyecto busca una alternativa para su reinserci\u00f3n social\u201d.<\/p>\n\n\n<div class=\"wp-block-image\">\n<figure class=\"aligncenter size-full\"><img decoding=\"async\" src=\"https:\/\/xco-images.nyc3.digitaloceanspaces.com\/panoramatv.com.do\/wp-content\/uploads\/2024\/06\/0-96-924x615.jpg\" alt=\"\" class=\"wp-image-15421\"\/><figcaption class=\"wp-element-caption\">Comisi\u00f3n DD-HH escucha posici\u00f3n de juez sobre anteproyecto de excarcelaci\u00f3n<\/figcaption><\/figure>\n<\/div>","protected":false},"excerpt":{"rendered":"<p>SANTO DOMINGO.- En la C\u00e1mara de Diputados la Comisi\u00f3n de Derechos Humanos escuch\u00f3 a Richard Aquino Natera, juez de ejecuci\u00f3n de la pena en Santo Domingo. El objetivo del encuentro fue intercambiar impresiones sobre un anteproyecto de ley que establece un programa de excarcelaci\u00f3n para personas condenadas por la comisi\u00f3n de delitos e infracciones a [&hellip;]<\/p>\n","protected":false},"author":1,"featured_media":15420,"comment_status":"open","ping_status":"open","sticky":false,"template":"","format":"standard","meta":{"_jetpack_memberships_contains_paid_content":false,"footnotes":"","jetpack_publicize_message":"","jetpack_publicize_feature_enabled":true,"jetpack_social_post_already_shared":true,"jetpack_social_options":{"image_generator_settings":{"template":"highway","enabled":false}}},"categories":[1],"tags":[759,3294],"class_list":["post-15419","post","type-post","status-publish","format-standard","has-post-thumbnail","hentry","category-actualidad","tag-camara-de-diputados","tag-comision-dd-hh"],"jetpack_publicize_connections":[],"jetpack_sharing_enabled":true,"jetpack_featured_media_url":"https:\/\/panoramatv.com.do\/wp-content\/uploads\/2024\/06\/0-95-924x615.jpg","jetpack_likes_enabled":true,"jetpack-related-posts":[],"_links":{"self":[{"href":"https:\/\/panoramatv.com.do\/index.php\/wp-json\/wp\/v2\/posts\/15419","targetHints":{"allow":["GET"]}}],"collection":[{"href":"https:\/\/panoramatv.com.do\/index.php\/wp-json\/wp\/v2\/posts"}],"about":[{"href":"https:\/\/panoramatv.com.do\/index.php\/wp-json\/wp\/v2\/types\/post"}],"author":[{"embeddable":true,"href":"https:\/\/panoramatv.com.do\/index.php\/wp-json\/wp\/v2\/users\/1"}],"replies":[{"embeddable":true,"href":"https:\/\/panoramatv.com.do\/index.php\/wp-json\/wp\/v2\/comments?post=15419"}],"version-history":[{"count":0,"href":"https:\/\/panoramatv.com.do\/index.php\/wp-json\/wp\/v2\/posts\/15419\/revisions"}],"wp:featuredmedia":[{"embeddable":true,"href":"https:\/\/panoramatv.com.do\/index.php\/wp-json\/wp\/v2\/media\/15420"}],"wp:attachment":[{"href":"https:\/\/panoramatv.com.do\/index.php\/wp-json\/wp\/v2\/media?parent=15419"}],"wp:term":[{"taxonomy":"category","embeddable":true,"href":"https:\/\/panoramatv.com.do\/index.php\/wp-json\/wp\/v2\/categories?post=15419"},{"taxonomy":"post_tag","embeddable":true,"href":"https:\/\/panoramatv.com.do\/index.php\/wp-json\/wp\/v2\/tags?post=15419"}],"curies":[{"name":"wp","href":"https:\/\/api.w.org\/{rel}","templated":true}]}}