{"id":1531,"date":"2020-11-02T19:37:13","date_gmt":"2020-11-02T23:37:13","guid":{"rendered":"https:\/\/panoramatv.com.do\/?p=1531"},"modified":"2020-11-02T20:28:30","modified_gmt":"2020-11-03T00:28:30","slug":"huracan-eta-se-intensifica-a-categoria-4-obliga-evacuacion-en-honduras-y-nicaragua","status":"publish","type":"post","link":"https:\/\/panoramatv.com.do\/index.php\/2020\/11\/02\/huracan-eta-se-intensifica-a-categoria-4-obliga-evacuacion-en-honduras-y-nicaragua\/","title":{"rendered":"Hurac\u00e1n Eta en categor\u00eda 4 obliga evacuaci\u00f3n en honduras y nicaragua"},"content":{"rendered":"\n<div class=\"wp-block-image\"><figure class=\"alignleft size-large is-resized\"><img loading=\"lazy\" decoding=\"async\" src=\"https:\/\/images.panoramatv.com.do\/wp-content\/uploads\/2020\/11\/OGDISJZN7BBGFBIQSHS7MJC7YE-1024x768.jpg\" alt=\"\" class=\"wp-image-1532\" width=\"255\" height=\"191\"\/><\/figure><\/div>\n\n\n\n<p>La tormenta tropical Eta se ha intensificado en la madrugada de este lunes a hurac\u00e1n de categor\u00eda 4 en la escala Saffir-Simpson antes de tocar tierra en Nicaragua. Los vientos sostenidos actuales de 215 kil\u00f3metros por hora causar\u00e1n da\u00f1os fatales en la costa atl\u00e1ntica, seg\u00fan el&nbsp;<a href=\"https:\/\/www.nhc.noaa.gov\/text\/refresh\/MIATCPAT4+shtml\/012357.shtml?text\" target=\"_blank\" rel=\"noreferrer noopener\">Centro Nacional de Huracanes de Estados Unidos&nbsp;<\/a>(NHC por sus siglas en ingl\u00e9s).<\/p>\n\n\n\n<p>Adem\u00e1s, las intensas lluvias amenazan con causar inundaciones, deslizamientos de tierra y desbordamientos de r\u00edos en Nicaragua y Honduras, pero tambi\u00e9n en partes de Guatemala, Belice, Costa Rica, Jamaica y sureste de M\u00e9xico. En Hait\u00ed y las Islas Caim\u00e1n se concentra el mayor riesgo por las marejadas, corrientes y fuerte oleaje derivado del hurac\u00e1n. Los gobiernos de Nicaragua y Honduras han emitido alertas de emergencia para evacuar a las poblaciones m\u00e1s expuestas ante las inminentes inundaciones que est\u00e1n afectando a todo el litoral.<\/p>\n\n\n\n<p>El Gobierno de Nicaragua ha decretado la alarma de peligro m\u00e1ximo, para cinco provincias. \u201cSe decreta alerta roja para la Regi\u00f3n Aut\u00f3noma del Caribe Norte (RACN) y el Tri\u00e1ngulo Minero\u201d, ha informado el codirector del Sistema Nacional para la Prevenci\u00f3n, Mitigaci\u00f3n y Atenci\u00f3n de Desastres (Sinapred), Guillermo Gonz\u00e1lez, en el Canal 6 de televisi\u00f3n nicarag\u00fcense.<\/p>\n\n\n\n<p>&nbsp;Esas regiones incluyen los municipios de Bonanza, Rosita y Siuna. Las autoridades creen que probablemente el hurac\u00e1n y el NHC ha advertido de que puede seguir ganando fuerza antes de tocar tierra. Nicaragua ha evacuado a 1.650 habitantes de las zonas con m\u00e1s riesgo cerca del mar Caribe y bordes de r\u00edos. Las autoridades conf\u00edan en que Eta se degrade a tormenta tropical con vientos de 60 a 90 kil\u00f3metros por hora al llegar a las zonas monta\u00f1osas del norte de Nicaragua.<\/p>\n\n\n\n<figure class=\"wp-block-gallery columns-2 is-cropped wp-block-gallery-1 is-layout-flex wp-block-gallery-is-layout-flex\"><ul class=\"blocks-gallery-grid\"><li class=\"blocks-gallery-item\"><figure><img decoding=\"async\" src=\"https:\/\/images.panoramatv.com.do\/wp-content\/uploads\/2020\/11\/OGDISJZN7BBGFBIQSHS7MJC7YE-1-1024x768.jpg\" alt=\"\" data-id=\"1533\" data-full-url=\"https:\/\/images.panoramatv.com.do\/wp-content\/uploads\/2020\/11\/OGDISJZN7BBGFBIQSHS7MJC7YE-1.jpg\" data-link=\"https:\/\/panoramatv.com.do\/?attachment_id=1533\" class=\"wp-image-1533\"\/><\/figure><\/li><li class=\"blocks-gallery-item\"><figure><img decoding=\"async\" src=\"https:\/\/images.panoramatv.com.do\/wp-content\/uploads\/2020\/11\/dt.common.streams.StreamServer.jpg\" alt=\"\" data-id=\"1534\" data-full-url=\"https:\/\/images.panoramatv.com.do\/wp-content\/uploads\/2020\/11\/dt.common.streams.StreamServer.jpg\" data-link=\"https:\/\/panoramatv.com.do\/?attachment_id=1534\" class=\"wp-image-1534\"\/><\/figure><\/li><\/ul><\/figure>\n\n\n\n<figure class=\"wp-block-embed-twitter wp-block-embed is-type-rich is-provider-twitter\"><div class=\"wp-block-embed__wrapper\">\n<blockquote class=\"twitter-tweet\" data-width=\"500\" data-dnt=\"true\"><p lang=\"es\" dir=\"ltr\">La tormenta tropical Eta se ha intensificado en la madrugada de este lunes a hurac\u00e1n de categor\u00eda 4 en la escala Saffir-Simpson  con vientos sostenidos actuales de 215 kil\u00f3metros por hora causar\u00e1n da\u00f1os fatales en la costa atl\u00e1ntica. <a href=\"https:\/\/twitter.com\/hashtag\/HuracanEta?src=hash&amp;ref_src=twsrc%5Etfw\">#HuracanEta<\/a>  <a href=\"https:\/\/twitter.com\/hashtag\/Categoria4?src=hash&amp;ref_src=twsrc%5Etfw\">#Categoria4<\/a> <a href=\"https:\/\/twitter.com\/hashtag\/panoramatv?src=hash&amp;ref_src=twsrc%5Etfw\">#panoramatv<\/a> <a href=\"https:\/\/t.co\/Fjk5EVRjHR\">pic.twitter.com\/Fjk5EVRjHR<\/a><\/p>&mdash; Panoramatv.com.do (@PanoramaTV_) <a href=\"https:\/\/twitter.com\/PanoramaTV_\/status\/1323407350640857090?ref_src=twsrc%5Etfw\">November 2, 2020<\/a><\/blockquote><script async src=\"https:\/\/platform.twitter.com\/widgets.js\" charset=\"utf-8\"><\/script>\n<\/div><\/figure>\n","protected":false},"excerpt":{"rendered":"<p>La tormenta tropical Eta se ha intensificado en la madrugada de este lunes a hurac\u00e1n de categor\u00eda 4 en la escala Saffir-Simpson antes de tocar tierra en Nicaragua. Los vientos sostenidos actuales de 215 kil\u00f3metros por hora causar\u00e1n da\u00f1os fatales en la costa atl\u00e1ntica, seg\u00fan el&nbsp;Centro Nacional de Huracanes de Estados Unidos&nbsp;(NHC por sus siglas [&hellip;]<\/p>\n","protected":false},"author":1,"featured_media":1533,"comment_status":"open","ping_status":"open","sticky":false,"template":"","format":"standard","meta":{"_jetpack_memberships_contains_paid_content":false,"footnotes":"","jetpack_publicize_message":"","jetpack_publicize_feature_enabled":true,"jetpack_social_post_already_shared":true,"jetpack_social_options":{"image_generator_settings":{"template":"highway","enabled":false}}},"categories":[6],"tags":[212],"class_list":["post-1531","post","type-post","status-publish","format-standard","has-post-thumbnail","hentry","category-panorama-global","tag-huracan-eta"],"jetpack_publicize_connections":[],"jetpack_sharing_enabled":true,"jetpack_featured_media_url":"https:\/\/panoramatv.com.do\/wp-content\/uploads\/2020\/11\/OGDISJZN7BBGFBIQSHS7MJC7YE-1.jpg","jetpack_likes_enabled":true,"jetpack-related-posts":[],"_links":{"self":[{"href":"https:\/\/panoramatv.com.do\/index.php\/wp-json\/wp\/v2\/posts\/1531","targetHints":{"allow":["GET"]}}],"collection":[{"href":"https:\/\/panoramatv.com.do\/index.php\/wp-json\/wp\/v2\/posts"}],"about":[{"href":"https:\/\/panoramatv.com.do\/index.php\/wp-json\/wp\/v2\/types\/post"}],"author":[{"embeddable":true,"href":"https:\/\/panoramatv.com.do\/index.php\/wp-json\/wp\/v2\/users\/1"}],"replies":[{"embeddable":true,"href":"https:\/\/panoramatv.com.do\/index.php\/wp-json\/wp\/v2\/comments?post=1531"}],"version-history":[{"count":0,"href":"https:\/\/panoramatv.com.do\/index.php\/wp-json\/wp\/v2\/posts\/1531\/revisions"}],"wp:featuredmedia":[{"embeddable":true,"href":"https:\/\/panoramatv.com.do\/index.php\/wp-json\/wp\/v2\/media\/1533"}],"wp:attachment":[{"href":"https:\/\/panoramatv.com.do\/index.php\/wp-json\/wp\/v2\/media?parent=1531"}],"wp:term":[{"taxonomy":"category","embeddable":true,"href":"https:\/\/panoramatv.com.do\/index.php\/wp-json\/wp\/v2\/categories?post=1531"},{"taxonomy":"post_tag","embeddable":true,"href":"https:\/\/panoramatv.com.do\/index.php\/wp-json\/wp\/v2\/tags?post=1531"}],"curies":[{"name":"wp","href":"https:\/\/api.w.org\/{rel}","templated":true}]}}