{"id":15298,"date":"2024-06-19T10:35:42","date_gmt":"2024-06-19T14:35:42","guid":{"rendered":"https:\/\/panoramatv.com.do\/?p=15298"},"modified":"2024-06-19T10:35:56","modified_gmt":"2024-06-19T14:35:56","slug":"eted-fortalece-sistema-de-transmision-a-69-kilovoltios-en-el-cibao-central","status":"publish","type":"post","link":"https:\/\/panoramatv.com.do\/index.php\/2024\/06\/19\/eted-fortalece-sistema-de-transmision-a-69-kilovoltios-en-el-cibao-central\/","title":{"rendered":"ETED fortalece sistema de transmisi\u00f3n a 69 kilovoltios en el Cibao Central"},"content":{"rendered":"\n<p class=\"has-text-align-justify\">La Empresa de Transmisi\u00f3n El\u00e9ctrica Dominicana (ETED) informa que, trabaja en la construcci\u00f3n de 3.5 kil\u00f3metros de l\u00edneas de transmisi\u00f3n a 69 kV desde la subestaci\u00f3n Bonao II al pueblo de Bonao, que mejorar\u00e1n y robustecer\u00e1n el sistema de transmisi\u00f3n en el Cibao Central.<\/p>\n\n\n\n<p class=\"has-text-align-justify\">La interconexi\u00f3n va desde la subestaci\u00f3n Bonao II hacia la l\u00ednea 69 kV R\u00edo Blanco y se realiza para dividir la carga de la l\u00ednea Zona Franca-Dos R\u00edos, ya que actualmente opera con altos niveles de carga, debido a la demanda de consumo en la zona.<\/p>\n\n\n\n<p class=\"has-text-align-justify\">La ETED explic\u00f3 que, una vez se culminen los trabajos de construcci\u00f3n, al momento de conectar la l\u00ednea se requerir\u00e1 apertura de algunos circuitos, que afectar\u00e1n el servicio el\u00e9ctrico en algunas comunidades, por lo que se estar\u00e1 informando por las v\u00edas correspondientes.<\/p>\n\n\n\n<p class=\"has-text-align-justify\">Estas acciones son parte del compromiso de la empresa de garantizar un servicio de transporte de energ\u00eda en alta tensi\u00f3n estable, eficiente y de calidad que d\u00e9 respuesta a las necesidades de la ciudadan\u00eda, acorde a los mandatos del Gobierno.<\/p>\n\n\n<div class=\"wp-block-image\">\n<figure class=\"aligncenter size-full\"><img decoding=\"async\" src=\"https:\/\/xco-images.nyc3.digitaloceanspaces.com\/panoramatv.com.do\/wp-content\/uploads\/2024\/06\/0-75-831x616.jpg\" alt=\"\" class=\"wp-image-15299\"\/><figcaption class=\"wp-element-caption\">ETED fortalece sistema de transmisi\u00f3n a 69 kilovoltios en el Cibao Central<\/figcaption><\/figure><\/div>","protected":false},"excerpt":{"rendered":"<p>La Empresa de Transmisi\u00f3n El\u00e9ctrica Dominicana (ETED) informa que, trabaja en la construcci\u00f3n de 3.5 kil\u00f3metros de l\u00edneas de transmisi\u00f3n a 69 kV desde la subestaci\u00f3n Bonao II al pueblo de Bonao, que mejorar\u00e1n y robustecer\u00e1n el sistema de transmisi\u00f3n en el Cibao Central. La interconexi\u00f3n va desde la subestaci\u00f3n Bonao II hacia la l\u00ednea [&hellip;]<\/p>\n","protected":false},"author":1,"featured_media":15299,"comment_status":"open","ping_status":"open","sticky":false,"template":"","format":"standard","meta":{"_jetpack_memberships_contains_paid_content":false,"footnotes":"","jetpack_publicize_message":"","jetpack_publicize_feature_enabled":true,"jetpack_social_post_already_shared":true,"jetpack_social_options":{"image_generator_settings":{"template":"highway","enabled":false}}},"categories":[2791],"tags":[3256,3255],"class_list":["post-15298","post","type-post","status-publish","format-standard","has-post-thumbnail","hentry","category-energia","tag-electrica-dominicana","tag-eted"],"jetpack_publicize_connections":[],"jetpack_sharing_enabled":true,"jetpack_featured_media_url":"https:\/\/images.panoramatv.com.do\/wp-content\/uploads\/2024\/06\/0-75-831x616.jpg","jetpack_likes_enabled":true,"jetpack-related-posts":[],"_links":{"self":[{"href":"https:\/\/panoramatv.com.do\/index.php\/wp-json\/wp\/v2\/posts\/15298"}],"collection":[{"href":"https:\/\/panoramatv.com.do\/index.php\/wp-json\/wp\/v2\/posts"}],"about":[{"href":"https:\/\/panoramatv.com.do\/index.php\/wp-json\/wp\/v2\/types\/post"}],"author":[{"embeddable":true,"href":"https:\/\/panoramatv.com.do\/index.php\/wp-json\/wp\/v2\/users\/1"}],"replies":[{"embeddable":true,"href":"https:\/\/panoramatv.com.do\/index.php\/wp-json\/wp\/v2\/comments?post=15298"}],"version-history":[{"count":0,"href":"https:\/\/panoramatv.com.do\/index.php\/wp-json\/wp\/v2\/posts\/15298\/revisions"}],"wp:featuredmedia":[{"embeddable":true,"href":"https:\/\/panoramatv.com.do\/index.php\/wp-json\/wp\/v2\/media\/15299"}],"wp:attachment":[{"href":"https:\/\/panoramatv.com.do\/index.php\/wp-json\/wp\/v2\/media?parent=15298"}],"wp:term":[{"taxonomy":"category","embeddable":true,"href":"https:\/\/panoramatv.com.do\/index.php\/wp-json\/wp\/v2\/categories?post=15298"},{"taxonomy":"post_tag","embeddable":true,"href":"https:\/\/panoramatv.com.do\/index.php\/wp-json\/wp\/v2\/tags?post=15298"}],"curies":[{"name":"wp","href":"https:\/\/api.w.org\/{rel}","templated":true}]}}