{"id":15179,"date":"2024-06-16T16:26:34","date_gmt":"2024-06-16T20:26:34","guid":{"rendered":"https:\/\/panoramatv.com.do\/?p=15179"},"modified":"2024-06-16T16:26:46","modified_gmt":"2024-06-16T20:26:46","slug":"prodominicana-incorpora-energia-y-minas-a-la-ventanilla-unica-de-inversion","status":"publish","type":"post","link":"https:\/\/panoramatv.com.do\/index.php\/2024\/06\/16\/prodominicana-incorpora-energia-y-minas-a-la-ventanilla-unica-de-inversion\/","title":{"rendered":"ProDominicana incorpora Energ\u00eda y Minas a la Ventanilla \u00danica de Inversi\u00f3n"},"content":{"rendered":"\n<p>Entre el 2020 y 2023, el sector energ\u00eda se ha posicionado como el segundo receptor de inversi\u00f3n<\/p>\n\n\n\n<p class=\"has-text-align-justify\">Santo Domingo. El Centro de Exportaci\u00f3n e Inversi\u00f3n de la Rep\u00fablica Dominicana (ProDominicana) firm\u00f3 un acuerdo de colaboraci\u00f3n interinstitucional para integrar a la Ventanilla \u00danica de Inversi\u00f3n al Ministerio de Energ\u00eda y Minas con el prop\u00f3sito de facilitar la emisi\u00f3n de certificaciones para el sector en el pa\u00eds.<\/p>\n\n\n\n<p class=\"has-text-align-justify\">El convenio fue suscrito por la directora ejecutiva de ProDominicana, Biviana Riveiro Disla y el ministro de Energ\u00eda y Mina, Antonio Almonte. Este acuerdo tiene como objetivo fortalecer el clima de negocios en el pa\u00eds, eliminando barreras burocr\u00e1ticas, tiempos y costos asociados para la inversi\u00f3n local e internacional.<\/p>\n\n\n<div class=\"wp-block-image\">\n<figure class=\"aligncenter size-large\"><img decoding=\"async\" src=\"https:\/\/xco-images.nyc3.digitaloceanspaces.com\/panoramatv.com.do\/wp-content\/uploads\/2024\/06\/b510143a-6b9d-4850-905b-6d8d778d3bc6-1-1024x684.jpg\" alt=\"\" class=\"wp-image-15183\"\/><figcaption class=\"wp-element-caption\">ProDominicana incorpora Energ\u00eda y Minas a la Ventanilla \u00danica de Inversi\u00f3n<\/figcaption><\/figure>\n<\/div>\n\n\n<p class=\"has-text-align-justify\">Riveiro expres\u00f3 que esta alianza estrat\u00e9gica entre ProDominicana y el Ministerio de Energ\u00eda y Minas es crucial debido a que el sector energ\u00e9tico y minero es fundamental para el desarrollo econ\u00f3mico de la Rep\u00fablica Dominicana.<\/p>\n\n\n\n<p class=\"has-text-align-justify\">\u201cEl sector energ\u00e9tico de nuestro pa\u00eds ha experimentado un notable crecimiento e incremento en los \u00faltimos a\u00f1os, impulsado por una serie de factores y pol\u00edticas que han contribuido a mejorar la capacidad de generaci\u00f3n, diversificar las fuentes de energ\u00eda y atraer inversiones\u201d, puntualiz\u00f3.<\/p>\n\n\n\n<p>Adem\u00e1s, inform\u00f3 que durante el per\u00edodo 2020-2023, el flujo de Inversi\u00f3n Extranjera Directa (IED) en este sector alcanz\u00f3 los US$2,528.9 millones, posicion\u00e1ndose como el segundo de mayor flujo, aportando 17.8% del total de la IED captada por el pa\u00eds en dicho per\u00edodo.<\/p>\n\n\n\n<p class=\"has-text-align-justify\">De su lado, Antonio Almonte, ministro de Energ\u00eda y Minas, expres\u00f3 que este acuerdo permitir\u00e1 fortalecer la promoci\u00f3n para la captaci\u00f3n de la inversi\u00f3n extranjera en el sector el\u00e9ctrico nacional, facilitando a los inversionistas agilizar los procesos de licencias, permisos y certificados para la instalaci\u00f3n de procesos energ\u00e9ticos proceso para la instalaci\u00f3n de proyectos energ\u00e9ticos.<\/p>\n\n\n<div class=\"wp-block-image\">\n<figure class=\"aligncenter size-large\"><img decoding=\"async\" src=\"https:\/\/xco-images.nyc3.digitaloceanspaces.com\/panoramatv.com.do\/wp-content\/uploads\/2024\/06\/c946e554-0601-4582-a536-e7deb8e4d079-1-1024x684.jpg\" alt=\"\" class=\"wp-image-15182\"\/><\/figure>\n<\/div>","protected":false},"excerpt":{"rendered":"<p>Entre el 2020 y 2023, el sector energ\u00eda se ha posicionado como el segundo receptor de inversi\u00f3n Santo Domingo. El Centro de Exportaci\u00f3n e Inversi\u00f3n de la Rep\u00fablica Dominicana (ProDominicana) firm\u00f3 un acuerdo de colaboraci\u00f3n interinstitucional para integrar a la Ventanilla \u00danica de Inversi\u00f3n al Ministerio de Energ\u00eda y Minas con el prop\u00f3sito de facilitar [&hellip;]<\/p>\n","protected":false},"author":1,"featured_media":15183,"comment_status":"open","ping_status":"open","sticky":false,"template":"","format":"standard","meta":{"_jetpack_memberships_contains_paid_content":false,"footnotes":"","jetpack_publicize_message":"","jetpack_publicize_feature_enabled":true,"jetpack_social_post_already_shared":true,"jetpack_social_options":{"image_generator_settings":{"template":"highway","enabled":false}}},"categories":[1],"tags":[841,388],"class_list":["post-15179","post","type-post","status-publish","format-standard","has-post-thumbnail","hentry","category-actualidad","tag-ministerio-de-energia-y-minas","tag-prodominicana"],"jetpack_publicize_connections":[],"jetpack_sharing_enabled":true,"jetpack_featured_media_url":"https:\/\/panoramatv.com.do\/wp-content\/uploads\/2024\/06\/b510143a-6b9d-4850-905b-6d8d778d3bc6-1-1600x1068.jpg","jetpack_likes_enabled":true,"jetpack-related-posts":[],"_links":{"self":[{"href":"https:\/\/panoramatv.com.do\/index.php\/wp-json\/wp\/v2\/posts\/15179","targetHints":{"allow":["GET"]}}],"collection":[{"href":"https:\/\/panoramatv.com.do\/index.php\/wp-json\/wp\/v2\/posts"}],"about":[{"href":"https:\/\/panoramatv.com.do\/index.php\/wp-json\/wp\/v2\/types\/post"}],"author":[{"embeddable":true,"href":"https:\/\/panoramatv.com.do\/index.php\/wp-json\/wp\/v2\/users\/1"}],"replies":[{"embeddable":true,"href":"https:\/\/panoramatv.com.do\/index.php\/wp-json\/wp\/v2\/comments?post=15179"}],"version-history":[{"count":0,"href":"https:\/\/panoramatv.com.do\/index.php\/wp-json\/wp\/v2\/posts\/15179\/revisions"}],"wp:featuredmedia":[{"embeddable":true,"href":"https:\/\/panoramatv.com.do\/index.php\/wp-json\/wp\/v2\/media\/15183"}],"wp:attachment":[{"href":"https:\/\/panoramatv.com.do\/index.php\/wp-json\/wp\/v2\/media?parent=15179"}],"wp:term":[{"taxonomy":"category","embeddable":true,"href":"https:\/\/panoramatv.com.do\/index.php\/wp-json\/wp\/v2\/categories?post=15179"},{"taxonomy":"post_tag","embeddable":true,"href":"https:\/\/panoramatv.com.do\/index.php\/wp-json\/wp\/v2\/tags?post=15179"}],"curies":[{"name":"wp","href":"https:\/\/api.w.org\/{rel}","templated":true}]}}