{"id":13983,"date":"2024-05-19T15:49:52","date_gmt":"2024-05-19T19:49:52","guid":{"rendered":"https:\/\/panoramatv.com.do\/?p=13983"},"modified":"2024-05-19T15:51:27","modified_gmt":"2024-05-19T19:51:27","slug":"la-junta-central-electoral-implementa-el-voto-en-casa-con-98-personas-inscritas-para-votar-desde-sus-hogares-en-las-elecciones","status":"publish","type":"post","link":"https:\/\/panoramatv.com.do\/index.php\/2024\/05\/19\/la-junta-central-electoral-implementa-el-voto-en-casa-con-98-personas-inscritas-para-votar-desde-sus-hogares-en-las-elecciones\/","title":{"rendered":"JCE dice 98 personas se inscribieron para votar desde sus hogares"},"content":{"rendered":"\n<p>Santo Domingo, RD.- La Junta Central Electoral (JCE), a trav\u00e9s de la Comisi\u00f3n de Pol\u00edticas de Igualdad de G\u00e9nero, que coordina la miembro titular del Pleno, Patricia Lorenzo Paniagua, implement\u00f3 por segunda vez en el pa\u00eds el proyecto del \u201cVoto en Casa\u201d.<\/p>\n\n\n\n<p>La finalidad de este programa es que las personas con discapacidad, condiciones de salud severa y los adultos mayores, que tengan dificultad para trasladarse a su recinto de votaci\u00f3n, tengan garantizado su derecho al voto, y en esta oportunidad cuenta con 98 personas inscritas.<\/p>\n\n\n<div class=\"wp-block-image\">\n<figure class=\"aligncenter size-large\"><img decoding=\"async\" src=\"https:\/\/xco-images.nyc3.digitaloceanspaces.com\/panoramatv.com.do\/wp-content\/uploads\/2024\/05\/df0e78de-d70d-4666-87a6-daec889bd620-1024x768.jpg\" alt=\"\" class=\"wp-image-13984\"\/><figcaption class=\"wp-element-caption\">La Junta Central Electoral implementa el \u00abVoto en Casa\u00bb con 98 personas inscritas para votar desde sus hogares en las elecciones.<\/figcaption><\/figure>\n<\/div>\n\n\n<p>El Voto en Casa se rige por la resoluci\u00f3n 33-2024, la que establece la implementaci\u00f3n para el sufragio en esta modalidad y dispone la creaci\u00f3n de equipos m\u00f3viles que estar\u00e1n conformados por m\u00e1s de 10 personas.<\/p>\n\n\n\n<p>Procedimiento<\/p>\n\n\n\n<p>Los equipos m\u00f3viles partir\u00e1n a las 7:00 de la ma\u00f1ana de cada Junta Electoral dentro de la demarcaci\u00f3n territorial que corresponde a la ubicaci\u00f3n de la residencia de los beneficiarios del programa.<\/p>\n\n\n\n<p>Anterior a esto, deber\u00e1n comunicarse con cada beneficiario para cuadrar la disponibilidad de recibir al personal que se estar\u00e1 presentando en sus hogares y las rutas finalizar\u00e1n con el dep\u00f3sito del \u00faltimo voto en el colegio correspondiente a las 5:00 de la tarde.<\/p>\n\n\n<div class=\"wp-block-image\">\n<figure class=\"aligncenter size-large\"><img decoding=\"async\" src=\"https:\/\/xco-images.nyc3.digitaloceanspaces.com\/panoramatv.com.do\/wp-content\/uploads\/2024\/05\/bc3373e0-9e13-44a2-b2ea-b974ea577bd5-1024x768.jpg\" alt=\"\" class=\"wp-image-13985\"\/><figcaption class=\"wp-element-caption\">La Junta Central Electoral implementa el \u00abVoto en Casa\u00bb con 98 personas inscritas para votar desde sus hogares en las elecciones.<\/figcaption><\/figure>\n<\/div>","protected":false},"excerpt":{"rendered":"<p>Santo Domingo, RD.- La Junta Central Electoral (JCE), a trav\u00e9s de la Comisi\u00f3n de Pol\u00edticas de Igualdad de G\u00e9nero, que coordina la miembro titular del Pleno, Patricia Lorenzo Paniagua, implement\u00f3 por segunda vez en el pa\u00eds el proyecto del \u201cVoto en Casa\u201d. La finalidad de este programa es que las personas con discapacidad, condiciones de [&hellip;]<\/p>\n","protected":false},"author":1,"featured_media":13984,"comment_status":"open","ping_status":"open","sticky":false,"template":"","format":"standard","meta":{"_jetpack_memberships_contains_paid_content":false,"footnotes":"","jetpack_publicize_message":"","jetpack_publicize_feature_enabled":true,"jetpack_social_post_already_shared":true,"jetpack_social_options":{"image_generator_settings":{"template":"highway","enabled":false}}},"categories":[2781],"tags":[38,37,2570],"class_list":["post-13983","post","type-post","status-publish","format-standard","has-post-thumbnail","hentry","category-elecciones","tag-elecciones","tag-jce","tag-votacion"],"jetpack_publicize_connections":[],"jetpack_sharing_enabled":true,"jetpack_featured_media_url":"https:\/\/panoramatv.com.do\/wp-content\/uploads\/2024\/05\/df0e78de-d70d-4666-87a6-daec889bd620-1280x960.jpg","jetpack_likes_enabled":true,"jetpack-related-posts":[],"_links":{"self":[{"href":"https:\/\/panoramatv.com.do\/index.php\/wp-json\/wp\/v2\/posts\/13983","targetHints":{"allow":["GET"]}}],"collection":[{"href":"https:\/\/panoramatv.com.do\/index.php\/wp-json\/wp\/v2\/posts"}],"about":[{"href":"https:\/\/panoramatv.com.do\/index.php\/wp-json\/wp\/v2\/types\/post"}],"author":[{"embeddable":true,"href":"https:\/\/panoramatv.com.do\/index.php\/wp-json\/wp\/v2\/users\/1"}],"replies":[{"embeddable":true,"href":"https:\/\/panoramatv.com.do\/index.php\/wp-json\/wp\/v2\/comments?post=13983"}],"version-history":[{"count":0,"href":"https:\/\/panoramatv.com.do\/index.php\/wp-json\/wp\/v2\/posts\/13983\/revisions"}],"wp:featuredmedia":[{"embeddable":true,"href":"https:\/\/panoramatv.com.do\/index.php\/wp-json\/wp\/v2\/media\/13984"}],"wp:attachment":[{"href":"https:\/\/panoramatv.com.do\/index.php\/wp-json\/wp\/v2\/media?parent=13983"}],"wp:term":[{"taxonomy":"category","embeddable":true,"href":"https:\/\/panoramatv.com.do\/index.php\/wp-json\/wp\/v2\/categories?post=13983"},{"taxonomy":"post_tag","embeddable":true,"href":"https:\/\/panoramatv.com.do\/index.php\/wp-json\/wp\/v2\/tags?post=13983"}],"curies":[{"name":"wp","href":"https:\/\/api.w.org\/{rel}","templated":true}]}}