{"id":13928,"date":"2024-05-19T11:03:23","date_gmt":"2024-05-19T15:03:23","guid":{"rendered":"https:\/\/panoramatv.com.do\/?p=13928"},"modified":"2024-05-19T11:03:36","modified_gmt":"2024-05-19T15:03:36","slug":"alfredo-pacheco-ejerce-su-derecho-al-voto-y-llama-a-ejercer-ese-derecho-en-armonia","status":"publish","type":"post","link":"https:\/\/panoramatv.com.do\/index.php\/2024\/05\/19\/alfredo-pacheco-ejerce-su-derecho-al-voto-y-llama-a-ejercer-ese-derecho-en-armonia\/","title":{"rendered":"Alfredo Pacheco ejerce su derecho al voto y llama a ejercer ese derecho en armon\u00eda"},"content":{"rendered":"\n<p>El presidente de la C\u00e1mara de Diputados, Alfredo Pacheco, ejerci\u00f3 su derecho al voto en la escuela Santa Martha de Cristo Rey, donde llam\u00f3 a la ciudadan\u00eda a votar en armon\u00eda. Describi\u00f3 la jornada como tranquila hasta ese momento.<\/p>\n\n\n\n<p>El diputado fue esperado por sus seguidores en las afueras del centro educativo a ritmo de \u201clleg\u00f3 pap\u00e1 \u201c, y dentro de esa algarab\u00eda se percat\u00f3 que se le qued\u00f3 su billetera con la c\u00e9dula y fue a buscarla en una passola, regresando 4 minutos despu\u00e9s.<\/p>\n\n\n<div class=\"wp-block-image\">\n<figure class=\"aligncenter size-large\"><img decoding=\"async\" src=\"https:\/\/xco-images.nyc3.digitaloceanspaces.com\/panoramatv.com.do\/wp-content\/uploads\/2024\/05\/c0ebeeeb-bbda-41e5-80d5-25ed48d3a23c-1024x682.jpg\" alt=\"\" class=\"wp-image-13929\"\/><figcaption class=\"wp-element-caption\">Alfredo Pacheco ejerce su derecho al voto y llama a ejercer ese derecho en armon\u00eda<\/figcaption><\/figure><\/div>\n\n\n<p><\/p>\n","protected":false},"excerpt":{"rendered":"<p>El presidente de la C\u00e1mara de Diputados, Alfredo Pacheco, ejerci\u00f3 su derecho al voto en la escuela Santa Martha de Cristo Rey, donde llam\u00f3 a la ciudadan\u00eda a votar en armon\u00eda. Describi\u00f3 la jornada como tranquila hasta ese momento. El diputado fue esperado por sus seguidores en las afueras del centro educativo a ritmo de [&hellip;]<\/p>\n","protected":false},"author":1,"featured_media":13929,"comment_status":"open","ping_status":"open","sticky":false,"template":"","format":"standard","meta":{"_jetpack_memberships_contains_paid_content":false,"footnotes":"","jetpack_publicize_message":"","jetpack_publicize_feature_enabled":true,"jetpack_social_post_already_shared":true,"jetpack_social_options":{"image_generator_settings":{"template":"highway","enabled":false}}},"categories":[2781],"tags":[776,38,2828],"class_list":["post-13928","post","type-post","status-publish","format-standard","has-post-thumbnail","hentry","category-elecciones","tag-alfredo-pacheco","tag-elecciones","tag-votacion-2"],"jetpack_publicize_connections":[],"jetpack_sharing_enabled":true,"jetpack_featured_media_url":"https:\/\/images.panoramatv.com.do\/wp-content\/uploads\/2024\/05\/c0ebeeeb-bbda-41e5-80d5-25ed48d3a23c-1600x1066.jpg","jetpack_likes_enabled":true,"jetpack-related-posts":[],"_links":{"self":[{"href":"https:\/\/panoramatv.com.do\/index.php\/wp-json\/wp\/v2\/posts\/13928"}],"collection":[{"href":"https:\/\/panoramatv.com.do\/index.php\/wp-json\/wp\/v2\/posts"}],"about":[{"href":"https:\/\/panoramatv.com.do\/index.php\/wp-json\/wp\/v2\/types\/post"}],"author":[{"embeddable":true,"href":"https:\/\/panoramatv.com.do\/index.php\/wp-json\/wp\/v2\/users\/1"}],"replies":[{"embeddable":true,"href":"https:\/\/panoramatv.com.do\/index.php\/wp-json\/wp\/v2\/comments?post=13928"}],"version-history":[{"count":0,"href":"https:\/\/panoramatv.com.do\/index.php\/wp-json\/wp\/v2\/posts\/13928\/revisions"}],"wp:featuredmedia":[{"embeddable":true,"href":"https:\/\/panoramatv.com.do\/index.php\/wp-json\/wp\/v2\/media\/13929"}],"wp:attachment":[{"href":"https:\/\/panoramatv.com.do\/index.php\/wp-json\/wp\/v2\/media?parent=13928"}],"wp:term":[{"taxonomy":"category","embeddable":true,"href":"https:\/\/panoramatv.com.do\/index.php\/wp-json\/wp\/v2\/categories?post=13928"},{"taxonomy":"post_tag","embeddable":true,"href":"https:\/\/panoramatv.com.do\/index.php\/wp-json\/wp\/v2\/tags?post=13928"}],"curies":[{"name":"wp","href":"https:\/\/api.w.org\/{rel}","templated":true}]}}