{"id":13242,"date":"2024-04-26T07:30:14","date_gmt":"2024-04-26T11:30:14","guid":{"rendered":"https:\/\/panoramatv.com.do\/?p=13242"},"modified":"2024-04-26T07:30:29","modified_gmt":"2024-04-26T11:30:29","slug":"el-gabinete-de-politica-social-sigue-capacitando-jovenes-con-oportunidad-14-24","status":"publish","type":"post","link":"https:\/\/panoramatv.com.do\/index.php\/2024\/04\/26\/el-gabinete-de-politica-social-sigue-capacitando-jovenes-con-oportunidad-14-24\/","title":{"rendered":"El Gabinete de Pol\u00edtica Social sigue capacitando j\u00f3venes con Oportunidad 14-24"},"content":{"rendered":"\n<p><strong>Santo Domingo.  abril de 2024.\u00a0<\/strong>El coordinador del Gabinete de Pol\u00edtica Social, Tony Pe\u00f1a, encabez\u00f3 este jueves la apertura de dos nuevos centros de capacitaci\u00f3n t\u00e9cnico-profesional del programa \u201cOportunidad 14-24\u201d en Santo Domingo Este. Con esta acci\u00f3n la iniciativa dirigida a j\u00f3venes en condiciones de vulnerabilidad social alcanza los 124 centros en funcionamiento.<\/p>\n\n\n\n<figure class=\"wp-block-image size-full\"><img decoding=\"async\" src=\"https:\/\/xco-images.nyc3.digitaloceanspaces.com\/panoramatv.com.do\/wp-content\/uploads\/2024\/04\/0-59-918x612.jpg\" alt=\"\" class=\"wp-image-13243\"\/><\/figure>\n\n\n\n<p>Los nuevos centros beneficiar\u00e1n a m\u00e1s de 230 participantes con m\u00e1s de 10 rutas formativas diferentes en su primera etapa, entre las que se encuentran: inform\u00e1tica, farmacia, secretariado, ventas, contabilidad, emprendimientos, barber\u00eda, t\u00e9cnico dental, ciberseguridad, ingl\u00e9s, corte y confecci\u00f3n y proyectos \u00e1ulicos, entre otras.<\/p>\n\n\n\n<p>Tony Pe\u00f1a revel\u00f3 que uno de los dos centros inaugurados operar\u00e1 en la Escuela Vocacional de las Fuerzas Armadas y la Polic\u00eda Nacional de San Isidro, y el otro en la sede de la fundaci\u00f3n \u201cMujeres en acci\u00f3n Madre C\u00e1ndida\u201d, tambi\u00e9n en Santo Domingo Este.<\/p>\n\n\n\n<figure class=\"wp-block-image size-full\"><img decoding=\"async\" src=\"https:\/\/xco-images.nyc3.digitaloceanspaces.com\/panoramatv.com.do\/wp-content\/uploads\/2024\/04\/1-43-918x612.jpg\" alt=\"\" class=\"wp-image-13244\"\/><\/figure>\n","protected":false},"excerpt":{"rendered":"<p>Santo Domingo. abril de 2024.\u00a0El coordinador del Gabinete de Pol\u00edtica Social, Tony Pe\u00f1a, encabez\u00f3 este jueves la apertura de dos nuevos centros de capacitaci\u00f3n t\u00e9cnico-profesional del programa \u201cOportunidad 14-24\u201d en Santo Domingo Este. Con esta acci\u00f3n la iniciativa dirigida a j\u00f3venes en condiciones de vulnerabilidad social alcanza los 124 centros en funcionamiento. Los nuevos centros [&hellip;]<\/p>\n","protected":false},"author":1,"featured_media":13244,"comment_status":"open","ping_status":"open","sticky":false,"template":"","format":"standard","meta":{"_jetpack_memberships_contains_paid_content":false,"footnotes":"","jetpack_publicize_message":"","jetpack_publicize_feature_enabled":true,"jetpack_social_post_already_shared":true,"jetpack_social_options":{"image_generator_settings":{"template":"highway","enabled":false}}},"categories":[10],"tags":[260,319],"class_list":["post-13242","post","type-post","status-publish","format-standard","has-post-thumbnail","hentry","category-panorama-social","tag-gabinete-de-politica-social","tag-oportunidad-14-24"],"jetpack_publicize_connections":[],"jetpack_sharing_enabled":true,"jetpack_featured_media_url":"https:\/\/panoramatv.com.do\/wp-content\/uploads\/2024\/04\/1-43-918x612.jpg","jetpack_likes_enabled":true,"jetpack-related-posts":[],"_links":{"self":[{"href":"https:\/\/panoramatv.com.do\/index.php\/wp-json\/wp\/v2\/posts\/13242","targetHints":{"allow":["GET"]}}],"collection":[{"href":"https:\/\/panoramatv.com.do\/index.php\/wp-json\/wp\/v2\/posts"}],"about":[{"href":"https:\/\/panoramatv.com.do\/index.php\/wp-json\/wp\/v2\/types\/post"}],"author":[{"embeddable":true,"href":"https:\/\/panoramatv.com.do\/index.php\/wp-json\/wp\/v2\/users\/1"}],"replies":[{"embeddable":true,"href":"https:\/\/panoramatv.com.do\/index.php\/wp-json\/wp\/v2\/comments?post=13242"}],"version-history":[{"count":0,"href":"https:\/\/panoramatv.com.do\/index.php\/wp-json\/wp\/v2\/posts\/13242\/revisions"}],"wp:featuredmedia":[{"embeddable":true,"href":"https:\/\/panoramatv.com.do\/index.php\/wp-json\/wp\/v2\/media\/13244"}],"wp:attachment":[{"href":"https:\/\/panoramatv.com.do\/index.php\/wp-json\/wp\/v2\/media?parent=13242"}],"wp:term":[{"taxonomy":"category","embeddable":true,"href":"https:\/\/panoramatv.com.do\/index.php\/wp-json\/wp\/v2\/categories?post=13242"},{"taxonomy":"post_tag","embeddable":true,"href":"https:\/\/panoramatv.com.do\/index.php\/wp-json\/wp\/v2\/tags?post=13242"}],"curies":[{"name":"wp","href":"https:\/\/api.w.org\/{rel}","templated":true}]}}