{"id":12895,"date":"2024-04-12T07:27:45","date_gmt":"2024-04-12T11:27:45","guid":{"rendered":"https:\/\/panoramatv.com.do\/?p=12895"},"modified":"2024-04-12T07:27:53","modified_gmt":"2024-04-12T11:27:53","slug":"12-de-abril-dia-mundial-de-la-contaminacion-acustica","status":"publish","type":"post","link":"https:\/\/panoramatv.com.do\/index.php\/2024\/04\/12\/12-de-abril-dia-mundial-de-la-contaminacion-acustica\/","title":{"rendered":"12 de Abril: D\u00eda Mundial de la Contaminaci\u00f3n Ac\u00fastica"},"content":{"rendered":"\n<p>El D\u00eda Mundial de la Contaminaci\u00f3n Ac\u00fastica, observado el 12 de abril de cada a\u00f1o, es una ocasi\u00f3n para crear conciencia sobre los efectos negativos del ruido en la salud humana y el medio ambiente. La contaminaci\u00f3n ac\u00fastica o sonora es el exceso de sonido que perturba el entorno natural, como el ruido del tr\u00e1fico, la industria, la construcci\u00f3n y actividades recreativas.<\/p>\n\n\n\n<figure class=\"wp-block-image size-full\"><img decoding=\"async\" src=\"https:\/\/xco-images.nyc3.digitaloceanspaces.com\/panoramatv.com.do\/wp-content\/uploads\/2024\/04\/ContaminacionAcustica-1024x442.jpg\" alt=\"\" class=\"wp-image-12896\"\/><\/figure>\n\n\n\n<p>Los efectos de la contaminaci\u00f3n ac\u00fastica van m\u00e1s all\u00e1 de ser simplemente una molestia; pueden tener consecuencias graves para la salud f\u00edsica y mental de las personas. La exposici\u00f3n prolongada al ruido puede causar estr\u00e9s, trastornos del sue\u00f1o, problemas cardiovasculares, p\u00e9rdida de audici\u00f3n y dificultades de concentraci\u00f3n. Adem\u00e1s, puede afectar a la fauna silvestre, perturbando sus h\u00e1bitats naturales y alterando su comportamiento de alimentaci\u00f3n, reproducci\u00f3n y migraci\u00f3n.<\/p>\n\n\n\n<p>La celebraci\u00f3n de este d\u00eda busca promover acciones para reducir la contaminaci\u00f3n ac\u00fastica, as\u00ed como fomentar la adopci\u00f3n de pol\u00edticas y medidas que protejan a las personas y al medio ambiente del exceso de ruido. Esto puede incluir la implementaci\u00f3n de regulaciones de control de ruido, el dise\u00f1o de infraestructuras m\u00e1s silenciosas, la promoci\u00f3n de tecnolog\u00edas menos ruidosas y la concienciaci\u00f3n p\u00fablica sobre los efectos nocivos del ruido y la importancia de un entorno sonoro saludable.<\/p>\n\n\n\n<figure class=\"wp-block-image size-full\"><img decoding=\"async\" src=\"https:\/\/xco-images.nyc3.digitaloceanspaces.com\/panoramatv.com.do\/wp-content\/uploads\/2024\/04\/557-featured_image-853x420-1-746x420.jpg\" alt=\"\" class=\"wp-image-12897\"\/><\/figure>\n","protected":false},"excerpt":{"rendered":"<p>El D\u00eda Mundial de la Contaminaci\u00f3n Ac\u00fastica, observado el 12 de abril de cada a\u00f1o, es una ocasi\u00f3n para crear conciencia sobre los efectos negativos del ruido en la salud humana y el medio ambiente. La contaminaci\u00f3n ac\u00fastica o sonora es el exceso de sonido que perturba el entorno natural, como el ruido del tr\u00e1fico, [&hellip;]<\/p>\n","protected":false},"author":1,"featured_media":12897,"comment_status":"open","ping_status":"open","sticky":false,"template":"","format":"standard","meta":{"_jetpack_memberships_contains_paid_content":false,"footnotes":"","jetpack_publicize_message":"","jetpack_publicize_feature_enabled":true,"jetpack_social_post_already_shared":true,"jetpack_social_options":{"image_generator_settings":{"template":"highway","enabled":false}}},"categories":[48,10],"tags":[2607,2513,2554],"class_list":["post-12895","post","type-post","status-publish","format-standard","has-post-thumbnail","hentry","category-efemerides","category-panorama-social","tag-contaminacion-acustica","tag-efemerides","tag-panoramatv-com-do"],"jetpack_publicize_connections":[],"jetpack_sharing_enabled":true,"jetpack_featured_media_url":"https:\/\/panoramatv.com.do\/wp-content\/uploads\/2024\/04\/557-featured_image-853x420-1-746x420.jpg","jetpack_likes_enabled":true,"jetpack-related-posts":[],"_links":{"self":[{"href":"https:\/\/panoramatv.com.do\/index.php\/wp-json\/wp\/v2\/posts\/12895","targetHints":{"allow":["GET"]}}],"collection":[{"href":"https:\/\/panoramatv.com.do\/index.php\/wp-json\/wp\/v2\/posts"}],"about":[{"href":"https:\/\/panoramatv.com.do\/index.php\/wp-json\/wp\/v2\/types\/post"}],"author":[{"embeddable":true,"href":"https:\/\/panoramatv.com.do\/index.php\/wp-json\/wp\/v2\/users\/1"}],"replies":[{"embeddable":true,"href":"https:\/\/panoramatv.com.do\/index.php\/wp-json\/wp\/v2\/comments?post=12895"}],"version-history":[{"count":0,"href":"https:\/\/panoramatv.com.do\/index.php\/wp-json\/wp\/v2\/posts\/12895\/revisions"}],"wp:featuredmedia":[{"embeddable":true,"href":"https:\/\/panoramatv.com.do\/index.php\/wp-json\/wp\/v2\/media\/12897"}],"wp:attachment":[{"href":"https:\/\/panoramatv.com.do\/index.php\/wp-json\/wp\/v2\/media?parent=12895"}],"wp:term":[{"taxonomy":"category","embeddable":true,"href":"https:\/\/panoramatv.com.do\/index.php\/wp-json\/wp\/v2\/categories?post=12895"},{"taxonomy":"post_tag","embeddable":true,"href":"https:\/\/panoramatv.com.do\/index.php\/wp-json\/wp\/v2\/tags?post=12895"}],"curies":[{"name":"wp","href":"https:\/\/api.w.org\/{rel}","templated":true}]}}