{"id":12891,"date":"2024-04-11T18:20:41","date_gmt":"2024-04-11T22:20:41","guid":{"rendered":"https:\/\/panoramatv.com.do\/?p=12891"},"modified":"2024-04-11T18:20:49","modified_gmt":"2024-04-11T22:20:49","slug":"11-de-abril-dia-mundial-del-parkinson","status":"publish","type":"post","link":"https:\/\/panoramatv.com.do\/index.php\/2024\/04\/11\/11-de-abril-dia-mundial-del-parkinson\/","title":{"rendered":"11 de abril: D\u00eda Mundial del Parkinson"},"content":{"rendered":"\n<p>El D\u00eda Mundial del Parkinson se celebra el 11 de abril de cada a\u00f1o para crear conciencia sobre esta enfermedad neurodegenerativa cr\u00f3nica que afecta principalmente al sistema motor. Fue elegido en honor al m\u00e9dico brit\u00e1nico James Parkinson, quien describi\u00f3 por primera vez la enfermedad en su \u00abEnsayo sobre la par\u00e1lisis temblorosa\u00bb publicado en 1817.<\/p>\n\n\n\n<p>Durante este d\u00eda, se llevan a cabo diversas actividades para sensibilizar a la poblaci\u00f3n sobre los desaf\u00edos que enfrentan las personas con Parkinson y sus familias. Se organizan charlas educativas, campa\u00f1as de concienciaci\u00f3n, eventos deportivos y actividades de recaudaci\u00f3n de fondos para apoyar la investigaci\u00f3n y mejorar la calidad de vida de los pacientes.<\/p>\n\n\n<div class=\"wp-block-image\">\n<figure class=\"aligncenter size-large\"><img decoding=\"async\" src=\"https:\/\/xco-images.nyc3.digitaloceanspaces.com\/panoramatv.com.do\/wp-content\/uploads\/2024\/04\/14962-scaled-1-1024x683.jpg\" alt=\"\" class=\"wp-image-12892\"\/><\/figure>\n<\/div>\n\n\n<p>El Parkinson se caracteriza principalmente por temblores, rigidez muscular, lentitud de movimientos y dificultades en el equilibrio y la coordinaci\u00f3n. Aunque no tiene cura, existen tratamientos que pueden ayudar a controlar los s\u00edntomas y mejorar la calidad de vida de los pacientes. La investigaci\u00f3n continua es fundamental para encontrar nuevas terapias y eventualmente una cura para esta enfermedad.<\/p>\n\n\n<div class=\"wp-block-image\">\n<figure class=\"aligncenter size-full\"><img decoding=\"async\" src=\"https:\/\/xco-images.nyc3.digitaloceanspaces.com\/panoramatv.com.do\/wp-content\/uploads\/2024\/04\/Enfermedad-Parkinson-sintomas-diagnostico-800x533.jpg\" alt=\"\" class=\"wp-image-12893\"\/><\/figure>\n<\/div>","protected":false},"excerpt":{"rendered":"<p>El D\u00eda Mundial del Parkinson se celebra el 11 de abril de cada a\u00f1o para crear conciencia sobre esta enfermedad neurodegenerativa cr\u00f3nica que afecta principalmente al sistema motor. Fue elegido en honor al m\u00e9dico brit\u00e1nico James Parkinson, quien describi\u00f3 por primera vez la enfermedad en su \u00abEnsayo sobre la par\u00e1lisis temblorosa\u00bb publicado en 1817. Durante [&hellip;]<\/p>\n","protected":false},"author":1,"featured_media":12892,"comment_status":"open","ping_status":"open","sticky":false,"template":"","format":"standard","meta":{"_jetpack_memberships_contains_paid_content":false,"footnotes":"","jetpack_publicize_message":"","jetpack_publicize_feature_enabled":true,"jetpack_social_post_already_shared":true,"jetpack_social_options":{"image_generator_settings":{"template":"highway","enabled":false}}},"categories":[8],"tags":[1226,2554,2606],"class_list":["post-12891","post","type-post","status-publish","format-standard","has-post-thumbnail","hentry","category-panorama-de-salud","tag-enfermedad","tag-panoramatv-com-do","tag-parkinson"],"jetpack_publicize_connections":[],"jetpack_sharing_enabled":true,"jetpack_featured_media_url":"https:\/\/panoramatv.com.do\/wp-content\/uploads\/2024\/04\/14962-scaled-1-2500x1667.jpg","jetpack_likes_enabled":true,"jetpack-related-posts":[],"_links":{"self":[{"href":"https:\/\/panoramatv.com.do\/index.php\/wp-json\/wp\/v2\/posts\/12891","targetHints":{"allow":["GET"]}}],"collection":[{"href":"https:\/\/panoramatv.com.do\/index.php\/wp-json\/wp\/v2\/posts"}],"about":[{"href":"https:\/\/panoramatv.com.do\/index.php\/wp-json\/wp\/v2\/types\/post"}],"author":[{"embeddable":true,"href":"https:\/\/panoramatv.com.do\/index.php\/wp-json\/wp\/v2\/users\/1"}],"replies":[{"embeddable":true,"href":"https:\/\/panoramatv.com.do\/index.php\/wp-json\/wp\/v2\/comments?post=12891"}],"version-history":[{"count":0,"href":"https:\/\/panoramatv.com.do\/index.php\/wp-json\/wp\/v2\/posts\/12891\/revisions"}],"wp:featuredmedia":[{"embeddable":true,"href":"https:\/\/panoramatv.com.do\/index.php\/wp-json\/wp\/v2\/media\/12892"}],"wp:attachment":[{"href":"https:\/\/panoramatv.com.do\/index.php\/wp-json\/wp\/v2\/media?parent=12891"}],"wp:term":[{"taxonomy":"category","embeddable":true,"href":"https:\/\/panoramatv.com.do\/index.php\/wp-json\/wp\/v2\/categories?post=12891"},{"taxonomy":"post_tag","embeddable":true,"href":"https:\/\/panoramatv.com.do\/index.php\/wp-json\/wp\/v2\/tags?post=12891"}],"curies":[{"name":"wp","href":"https:\/\/api.w.org\/{rel}","templated":true}]}}