{"id":12886,"date":"2024-04-11T18:14:44","date_gmt":"2024-04-11T22:14:44","guid":{"rendered":"https:\/\/panoramatv.com.do\/?p=12886"},"modified":"2024-04-11T18:14:51","modified_gmt":"2024-04-11T22:14:51","slug":"empresas-cafetaleras-dominicanas-participan-en-specialty-coffee-2024","status":"publish","type":"post","link":"https:\/\/panoramatv.com.do\/index.php\/2024\/04\/11\/empresas-cafetaleras-dominicanas-participan-en-specialty-coffee-2024\/","title":{"rendered":"Empresas cafetaleras dominicanas participan en Specialty Coffee 2024"},"content":{"rendered":"\n<p>Santo Domingo. El Centro de Exportaci\u00f3n e Inversi\u00f3n de la Rep\u00fablica Dominicana (ProDominicana) inform\u00f3 que un total de 11 empresas dominicanas participar\u00e1n en la feria internacional Specialty Coffee 2024.<\/p>\n\n\n\n<p><br>El evento ser\u00e1 celebrado del 12 al 14 de abril en Chicago, Estados Unidos. El mismo, reunir\u00e1 a expertos, productores, tostadores, distribuidores y amantes del caf\u00e9 de todo el mundo para compartir conocimientos, exhibir productos y explorar oportunidades de negocio en el sector del caf\u00e9 de alta calidad.<\/p>\n\n\n\n<p><br>A trav\u00e9s de esta feria, los productores dominicanos tendr\u00e1n la oportunidad de presentar la oferta exportable dominicana del sector cafetero, establecer contactos con compradores internacionales y participar en las numerosas conferencias y oportunidades de aprendizaje pr\u00e1ctico de la SCA.<\/p>\n\n\n\n<p><br>La directora ejecutiva de ProDominicana, Biviana Riveiro reiter\u00f3 el compromiso de continuar posicionando las empresas exportadoras de Rep\u00fablica Dominicana en las ferias internacionales como parte de los objetivos establecidos en el Plan Nacional de Fomento a las Exportaciones.<\/p>\n\n\n\n<figure class=\"wp-block-gallery has-nested-images columns-default is-cropped wp-block-gallery-1 is-layout-flex wp-block-gallery-is-layout-flex\">\n<figure class=\"wp-block-image size-large\"><img decoding=\"async\" data-id=\"12887\" src=\"https:\/\/xco-images.nyc3.digitaloceanspaces.com\/panoramatv.com.do\/wp-content\/uploads\/2024\/04\/ed3e2dea-5782-4eff-9db1-857e26b25896-820x1024.jpg\" alt=\"\" class=\"wp-image-12887\"\/><\/figure>\n\n\n\n<figure class=\"wp-block-image size-large\"><img decoding=\"async\" data-id=\"12889\" src=\"https:\/\/xco-images.nyc3.digitaloceanspaces.com\/panoramatv.com.do\/wp-content\/uploads\/2024\/04\/2a8f945a-1510-4575-bcb6-77350b95ae79-1-844x1024.jpg\" alt=\"\" class=\"wp-image-12889\"\/><\/figure>\n<\/figure>\n","protected":false},"excerpt":{"rendered":"<p>Santo Domingo. El Centro de Exportaci\u00f3n e Inversi\u00f3n de la Rep\u00fablica Dominicana (ProDominicana) inform\u00f3 que un total de 11 empresas dominicanas participar\u00e1n en la feria internacional Specialty Coffee 2024. El evento ser\u00e1 celebrado del 12 al 14 de abril en Chicago, Estados Unidos. El mismo, reunir\u00e1 a expertos, productores, tostadores, distribuidores y amantes del caf\u00e9 [&hellip;]<\/p>\n","protected":false},"author":1,"featured_media":12888,"comment_status":"open","ping_status":"open","sticky":false,"template":"","format":"standard","meta":{"_jetpack_memberships_contains_paid_content":false,"footnotes":"","jetpack_publicize_message":"","jetpack_publicize_feature_enabled":true,"jetpack_social_post_already_shared":true,"jetpack_social_options":{"image_generator_settings":{"template":"highway","enabled":false}}},"categories":[10],"tags":[388],"class_list":["post-12886","post","type-post","status-publish","format-standard","has-post-thumbnail","hentry","category-panorama-social","tag-prodominicana"],"jetpack_publicize_connections":[],"jetpack_sharing_enabled":true,"jetpack_featured_media_url":"https:\/\/panoramatv.com.do\/wp-content\/uploads\/2024\/04\/2a8f945a-1510-4575-bcb6-77350b95ae79-1152x1397.jpg","jetpack_likes_enabled":true,"jetpack-related-posts":[],"_links":{"self":[{"href":"https:\/\/panoramatv.com.do\/index.php\/wp-json\/wp\/v2\/posts\/12886","targetHints":{"allow":["GET"]}}],"collection":[{"href":"https:\/\/panoramatv.com.do\/index.php\/wp-json\/wp\/v2\/posts"}],"about":[{"href":"https:\/\/panoramatv.com.do\/index.php\/wp-json\/wp\/v2\/types\/post"}],"author":[{"embeddable":true,"href":"https:\/\/panoramatv.com.do\/index.php\/wp-json\/wp\/v2\/users\/1"}],"replies":[{"embeddable":true,"href":"https:\/\/panoramatv.com.do\/index.php\/wp-json\/wp\/v2\/comments?post=12886"}],"version-history":[{"count":0,"href":"https:\/\/panoramatv.com.do\/index.php\/wp-json\/wp\/v2\/posts\/12886\/revisions"}],"wp:featuredmedia":[{"embeddable":true,"href":"https:\/\/panoramatv.com.do\/index.php\/wp-json\/wp\/v2\/media\/12888"}],"wp:attachment":[{"href":"https:\/\/panoramatv.com.do\/index.php\/wp-json\/wp\/v2\/media?parent=12886"}],"wp:term":[{"taxonomy":"category","embeddable":true,"href":"https:\/\/panoramatv.com.do\/index.php\/wp-json\/wp\/v2\/categories?post=12886"},{"taxonomy":"post_tag","embeddable":true,"href":"https:\/\/panoramatv.com.do\/index.php\/wp-json\/wp\/v2\/tags?post=12886"}],"curies":[{"name":"wp","href":"https:\/\/api.w.org\/{rel}","templated":true}]}}