{"id":12821,"date":"2024-04-08T17:19:07","date_gmt":"2024-04-08T21:19:07","guid":{"rendered":"https:\/\/panoramatv.com.do\/?p=12821"},"modified":"2024-04-08T17:19:21","modified_gmt":"2024-04-08T21:19:21","slug":"presidente-abinader-encabeza-reunion-de-seguimiento-al-plan-de-seguridad-ciudadana-2","status":"publish","type":"post","link":"https:\/\/panoramatv.com.do\/index.php\/2024\/04\/08\/presidente-abinader-encabeza-reunion-de-seguimiento-al-plan-de-seguridad-ciudadana-2\/","title":{"rendered":"Presidente Abinader encabeza reuni\u00f3n de seguimiento al Plan de Seguridad Ciudadana"},"content":{"rendered":"\n<p>Santo Domingo.- El presidente Luis Abinader, encabeza en estos momentos la reuni\u00f3n de seguimiento al Plan de la Seguridad Ciudadana para seguir garantizando el bienestar en beneficio de los dominicanos en el pa\u00eds.<\/p>\n\n\n\n<p>El encuentro inici\u00f3 a las 11:30 de la ma\u00f1ana, en el Sal\u00f3n del Club de Oficiales del Palacio de la Polic\u00eda Nacional, donde se contin\u00faan evaluando las tareas asignadas, logros obtenidos y las medidas para continuar fortaleciendo la seguridad en el pa\u00eds.<\/p>\n\n\n<div class=\"wp-block-image\">\n<figure class=\"aligncenter size-large\"><img decoding=\"async\" src=\"https:\/\/xco-images.nyc3.digitaloceanspaces.com\/panoramatv.com.do\/wp-content\/uploads\/2024\/04\/8dcc3fdf-021c-4961-beb9-b665243a7c9f-1024x683.jpg\" alt=\"\" class=\"wp-image-12823\"\/><\/figure><\/div>\n\n\n<p>En compa\u00f1\u00eda del jefe de Estado est\u00e1n los ministros, de Defensa, teniente general Carlos Luciano D\u00edaz Morfa; de la Presidencia, Joel Santos; de Interior y Polic\u00eda, Jes\u00fas V\u00e1squez Mart\u00ednez; el director de la Polic\u00eda Nacional, mayor general Ram\u00f3n Antonio Guzm\u00e1n Peralta; el comandante general del Ej\u00e9rcito, mayor general Carlos Antonio Fern\u00e1ndez Onofre; el comandante general de la&nbsp;Armada&nbsp;de Rep\u00fablica Dominicana, vicealmirante,&nbsp;Agust\u00edn Alberto Morillo Rodr\u00edguez.<\/p>\n\n\n<div class=\"wp-block-image\">\n<figure class=\"aligncenter size-large\"><img decoding=\"async\" src=\"https:\/\/xco-images.nyc3.digitaloceanspaces.com\/panoramatv.com.do\/wp-content\/uploads\/2024\/04\/6593ec00-0b15-4753-8bf0-6ae8ddbdc3c3-1024x683.jpg\" alt=\"\" class=\"wp-image-12822\"\/><\/figure><\/div>","protected":false},"excerpt":{"rendered":"<p>Santo Domingo.- El presidente Luis Abinader, encabeza en estos momentos la reuni\u00f3n de seguimiento al Plan de la Seguridad Ciudadana para seguir garantizando el bienestar en beneficio de los dominicanos en el pa\u00eds. El encuentro inici\u00f3 a las 11:30 de la ma\u00f1ana, en el Sal\u00f3n del Club de Oficiales del Palacio de la Polic\u00eda Nacional, [&hellip;]<\/p>\n","protected":false},"author":1,"featured_media":12823,"comment_status":"open","ping_status":"open","sticky":false,"template":"","format":"standard","meta":{"_jetpack_memberships_contains_paid_content":false,"footnotes":"","jetpack_publicize_message":"","jetpack_publicize_feature_enabled":true,"jetpack_social_post_already_shared":true,"jetpack_social_options":{"image_generator_settings":{"template":"highway","enabled":false}}},"categories":[1],"tags":[168,2554,888],"class_list":["post-12821","post","type-post","status-publish","format-standard","has-post-thumbnail","hentry","category-actualidad","tag-luis-abinader","tag-panoramatv-com-do","tag-plan-de-seguridad-ciudadana"],"jetpack_publicize_connections":[],"jetpack_sharing_enabled":true,"jetpack_featured_media_url":"https:\/\/images.panoramatv.com.do\/wp-content\/uploads\/2024\/04\/8dcc3fdf-021c-4961-beb9-b665243a7c9f-2500x1667.jpg","jetpack_likes_enabled":true,"jetpack-related-posts":[],"_links":{"self":[{"href":"https:\/\/panoramatv.com.do\/index.php\/wp-json\/wp\/v2\/posts\/12821"}],"collection":[{"href":"https:\/\/panoramatv.com.do\/index.php\/wp-json\/wp\/v2\/posts"}],"about":[{"href":"https:\/\/panoramatv.com.do\/index.php\/wp-json\/wp\/v2\/types\/post"}],"author":[{"embeddable":true,"href":"https:\/\/panoramatv.com.do\/index.php\/wp-json\/wp\/v2\/users\/1"}],"replies":[{"embeddable":true,"href":"https:\/\/panoramatv.com.do\/index.php\/wp-json\/wp\/v2\/comments?post=12821"}],"version-history":[{"count":0,"href":"https:\/\/panoramatv.com.do\/index.php\/wp-json\/wp\/v2\/posts\/12821\/revisions"}],"wp:featuredmedia":[{"embeddable":true,"href":"https:\/\/panoramatv.com.do\/index.php\/wp-json\/wp\/v2\/media\/12823"}],"wp:attachment":[{"href":"https:\/\/panoramatv.com.do\/index.php\/wp-json\/wp\/v2\/media?parent=12821"}],"wp:term":[{"taxonomy":"category","embeddable":true,"href":"https:\/\/panoramatv.com.do\/index.php\/wp-json\/wp\/v2\/categories?post=12821"},{"taxonomy":"post_tag","embeddable":true,"href":"https:\/\/panoramatv.com.do\/index.php\/wp-json\/wp\/v2\/tags?post=12821"}],"curies":[{"name":"wp","href":"https:\/\/api.w.org\/{rel}","templated":true}]}}