{"id":12700,"date":"2024-04-03T13:13:33","date_gmt":"2024-04-03T17:13:33","guid":{"rendered":"https:\/\/panoramatv.com.do\/?p=12700"},"modified":"2024-04-03T13:13:46","modified_gmt":"2024-04-03T17:13:46","slug":"la-alcaldia-del-distrito-nacional-reitera-la-prohibicion-de-propaganda-politica-en-lugares-no-autorizados","status":"publish","type":"post","link":"https:\/\/panoramatv.com.do\/index.php\/2024\/04\/03\/la-alcaldia-del-distrito-nacional-reitera-la-prohibicion-de-propaganda-politica-en-lugares-no-autorizados\/","title":{"rendered":"La Alcald\u00eda del Distrito Nacional reitera la prohibici\u00f3n de propaganda pol\u00edtica en lugares no autorizados."},"content":{"rendered":"\n<p>La ley proh\u00edbe colocar afiches en los postes del tendido el\u00e9ctrico, \u00e1rboles, as\u00ed como de cualquier propiedad p\u00fablica<\/p>\n\n\n\n<p>Santo Domingo, D.N.- &nbsp;La Alcald\u00eda del Distrito Nacional reiter\u00f3 a los candidatos presidenciales y congresuales que est\u00e1 prohibido colocar propaganda pol\u00edtica en los espacios no permitidos de la ciudad de Santo Domingo. Adem\u00e1s, advirti\u00f3 que aquellas que han sido colocadas deben ser retiradas de inmediato.<\/p>\n\n\n\n<p>La alcaldesa, Carolina Mej\u00eda, previo a las pasadas elecciones municipales envi\u00f3 comunicaciones dirigidas a los presidentes del Partido Revolucionario Moderno (PRM), Fuerza del Pueblo (FP), Partido Revolucionario Dominicano (PRD), Partido de La Liberaci\u00f3n Dominicana (PLD), Partido Reformista Social Cristiano (PRSC), Alianza Pa\u00eds (Alpa\u00eds), Opci\u00f3n Democr\u00e1tica (OD) y Partido Esperanza Democr\u00e1tica (PED), indicando que deben ser retiradas las propagandas, de lo contrario el cabildo proceder\u00e1 a desmontarlas, dichas comunicaciones son reiterativas para este periodo de elecciones presidenciales y congresuales.&nbsp;<\/p>\n\n\n\n<figure class=\"wp-block-image size-full\"><img decoding=\"async\" src=\"https:\/\/xco-images.nyc3.digitaloceanspaces.com\/panoramatv.com.do\/wp-content\/uploads\/2024\/04\/0-4-916x611.jpg\" alt=\"\" class=\"wp-image-12701\"\/><\/figure>\n","protected":false},"excerpt":{"rendered":"<p>La ley proh\u00edbe colocar afiches en los postes del tendido el\u00e9ctrico, \u00e1rboles, as\u00ed como de cualquier propiedad p\u00fablica Santo Domingo, D.N.- &nbsp;La Alcald\u00eda del Distrito Nacional reiter\u00f3 a los candidatos presidenciales y congresuales que est\u00e1 prohibido colocar propaganda pol\u00edtica en los espacios no permitidos de la ciudad de Santo Domingo. Adem\u00e1s, advirti\u00f3 que aquellas que [&hellip;]<\/p>\n","protected":false},"author":1,"featured_media":12701,"comment_status":"open","ping_status":"open","sticky":false,"template":"","format":"standard","meta":{"_jetpack_memberships_contains_paid_content":false,"footnotes":"","jetpack_publicize_message":"","jetpack_publicize_feature_enabled":true,"jetpack_social_post_already_shared":true,"jetpack_social_options":{"image_generator_settings":{"template":"highway","enabled":false}}},"categories":[10],"tags":[1565,2554],"class_list":["post-12700","post","type-post","status-publish","format-standard","has-post-thumbnail","hentry","category-panorama-social","tag-alcaldia-del-distrito-nacional","tag-panoramatv-com-do"],"jetpack_publicize_connections":[],"jetpack_sharing_enabled":true,"jetpack_featured_media_url":"https:\/\/panoramatv.com.do\/wp-content\/uploads\/2024\/04\/0-4-916x611.jpg","jetpack_likes_enabled":true,"jetpack-related-posts":[],"_links":{"self":[{"href":"https:\/\/panoramatv.com.do\/index.php\/wp-json\/wp\/v2\/posts\/12700","targetHints":{"allow":["GET"]}}],"collection":[{"href":"https:\/\/panoramatv.com.do\/index.php\/wp-json\/wp\/v2\/posts"}],"about":[{"href":"https:\/\/panoramatv.com.do\/index.php\/wp-json\/wp\/v2\/types\/post"}],"author":[{"embeddable":true,"href":"https:\/\/panoramatv.com.do\/index.php\/wp-json\/wp\/v2\/users\/1"}],"replies":[{"embeddable":true,"href":"https:\/\/panoramatv.com.do\/index.php\/wp-json\/wp\/v2\/comments?post=12700"}],"version-history":[{"count":0,"href":"https:\/\/panoramatv.com.do\/index.php\/wp-json\/wp\/v2\/posts\/12700\/revisions"}],"wp:featuredmedia":[{"embeddable":true,"href":"https:\/\/panoramatv.com.do\/index.php\/wp-json\/wp\/v2\/media\/12701"}],"wp:attachment":[{"href":"https:\/\/panoramatv.com.do\/index.php\/wp-json\/wp\/v2\/media?parent=12700"}],"wp:term":[{"taxonomy":"category","embeddable":true,"href":"https:\/\/panoramatv.com.do\/index.php\/wp-json\/wp\/v2\/categories?post=12700"},{"taxonomy":"post_tag","embeddable":true,"href":"https:\/\/panoramatv.com.do\/index.php\/wp-json\/wp\/v2\/tags?post=12700"}],"curies":[{"name":"wp","href":"https:\/\/api.w.org\/{rel}","templated":true}]}}