{"id":12337,"date":"2024-03-07T15:04:45","date_gmt":"2024-03-07T19:04:45","guid":{"rendered":"https:\/\/panoramatv.com.do\/?p=12337"},"modified":"2024-03-07T15:04:58","modified_gmt":"2024-03-07T19:04:58","slug":"gabinete-de-politica-social-inaugura-moderna-cabina-de-radio-y-streaming","status":"publish","type":"post","link":"https:\/\/panoramatv.com.do\/index.php\/2024\/03\/07\/gabinete-de-politica-social-inaugura-moderna-cabina-de-radio-y-streaming\/","title":{"rendered":"Gabinete de Pol\u00edtica Social inaugura moderna cabina de radio y streaming"},"content":{"rendered":"\n<p>El Gabinete de Pol\u00edtica Social, que coordina Tony Pe\u00f1a, inaugur\u00f3 este jueves la nueva cabina de radio y streaming con la que cuenta el Gobierno dominicano para la difusi\u00f3n de informaci\u00f3n oportuna y adecuada a toda la ciudadan\u00eda y que sirva de canalizaci\u00f3n para llevar soluciones de inclusi\u00f3n social a los m\u00e1s vulnerables del pa\u00eds.<\/p>\n\n\n\n<figure class=\"wp-block-image size-large\"><img decoding=\"async\" src=\"https:\/\/xco-images.nyc3.digitaloceanspaces.com\/panoramatv.com.do\/wp-content\/uploads\/2024\/03\/1-1-1024x713.jpg\" alt=\"\" class=\"wp-image-12338\"\/><\/figure>\n\n\n\n<p>Pe\u00f1a manifest\u00f3 que la cabina estar\u00e1 a disposici\u00f3n de todas las instituciones del Estado dominicano para ser utilizada con el fin de difundir las acciones que ejecuta el Gobierno a trav\u00e9s de sus representantes en todos los sectores de la vida nacional y que sirva como un pilar para llevar educaci\u00f3n y formaci\u00f3n a todo el pueblo en busca del bien com\u00fan.<\/p>\n\n\n\n<p>Pe\u00f1a a\u00f1adi\u00f3 que la nueva y moderna cabina cuenta con todo el equipamiento y tecnolog\u00eda acorde a los nuevos tiempos necesarios para lograr los resultados esperados, compitiendo en capacidad con las cabinas de los medios de comunicaci\u00f3n l\u00edderes en el mercado actualmente.<\/p>\n\n\n\n<figure class=\"wp-block-image size-large\"><img decoding=\"async\" src=\"https:\/\/xco-images.nyc3.digitaloceanspaces.com\/panoramatv.com.do\/wp-content\/uploads\/2024\/03\/0-3-1024x682.jpg\" alt=\"\" class=\"wp-image-12339\"\/><\/figure>\n","protected":false},"excerpt":{"rendered":"<p>El Gabinete de Pol\u00edtica Social, que coordina Tony Pe\u00f1a, inaugur\u00f3 este jueves la nueva cabina de radio y streaming con la que cuenta el Gobierno dominicano para la difusi\u00f3n de informaci\u00f3n oportuna y adecuada a toda la ciudadan\u00eda y que sirva de canalizaci\u00f3n para llevar soluciones de inclusi\u00f3n social a los m\u00e1s vulnerables del pa\u00eds. [&hellip;]<\/p>\n","protected":false},"author":1,"featured_media":12338,"comment_status":"open","ping_status":"open","sticky":false,"template":"","format":"standard","meta":{"_jetpack_memberships_contains_paid_content":false,"footnotes":"","jetpack_publicize_message":"","jetpack_publicize_feature_enabled":true,"jetpack_social_post_already_shared":true,"jetpack_social_options":{"image_generator_settings":{"template":"highway","enabled":false}}},"categories":[1],"tags":[260,877],"class_list":["post-12337","post","type-post","status-publish","format-standard","has-post-thumbnail","hentry","category-actualidad","tag-gabinete-de-politica-social","tag-panoramatv"],"jetpack_publicize_connections":[],"jetpack_sharing_enabled":true,"jetpack_featured_media_url":"https:\/\/images.panoramatv.com.do\/wp-content\/uploads\/2024\/03\/1-1-1083x754.jpg","jetpack_likes_enabled":true,"jetpack-related-posts":[],"_links":{"self":[{"href":"https:\/\/panoramatv.com.do\/index.php\/wp-json\/wp\/v2\/posts\/12337"}],"collection":[{"href":"https:\/\/panoramatv.com.do\/index.php\/wp-json\/wp\/v2\/posts"}],"about":[{"href":"https:\/\/panoramatv.com.do\/index.php\/wp-json\/wp\/v2\/types\/post"}],"author":[{"embeddable":true,"href":"https:\/\/panoramatv.com.do\/index.php\/wp-json\/wp\/v2\/users\/1"}],"replies":[{"embeddable":true,"href":"https:\/\/panoramatv.com.do\/index.php\/wp-json\/wp\/v2\/comments?post=12337"}],"version-history":[{"count":0,"href":"https:\/\/panoramatv.com.do\/index.php\/wp-json\/wp\/v2\/posts\/12337\/revisions"}],"wp:featuredmedia":[{"embeddable":true,"href":"https:\/\/panoramatv.com.do\/index.php\/wp-json\/wp\/v2\/media\/12338"}],"wp:attachment":[{"href":"https:\/\/panoramatv.com.do\/index.php\/wp-json\/wp\/v2\/media?parent=12337"}],"wp:term":[{"taxonomy":"category","embeddable":true,"href":"https:\/\/panoramatv.com.do\/index.php\/wp-json\/wp\/v2\/categories?post=12337"},{"taxonomy":"post_tag","embeddable":true,"href":"https:\/\/panoramatv.com.do\/index.php\/wp-json\/wp\/v2\/tags?post=12337"}],"curies":[{"name":"wp","href":"https:\/\/api.w.org\/{rel}","templated":true}]}}