{"id":12216,"date":"2024-02-20T10:29:35","date_gmt":"2024-02-20T14:29:35","guid":{"rendered":"https:\/\/panoramatv.com.do\/?p=12216"},"modified":"2024-02-20T10:29:48","modified_gmt":"2024-02-20T14:29:48","slug":"pld-convoca-comite-politico-para-tratar-sobre-comicios-municipales","status":"publish","type":"post","link":"https:\/\/panoramatv.com.do\/index.php\/2024\/02\/20\/pld-convoca-comite-politico-para-tratar-sobre-comicios-municipales\/","title":{"rendered":"PLD convoca Comit\u00e9 Pol\u00edtico para tratar sobre comicios municipales"},"content":{"rendered":"\n<p>SANTO DOMINGO.- El Partido de la Liberaci\u00f3n Dominicana (PLD) ha convocado a una reuni\u00f3n extraordinaria de su Comit\u00e9 Pol\u00edtico este martes para abordar la situaci\u00f3n pol\u00edtica que ha surgido despu\u00e9s de las elecciones municipales del pasado domingo 18 de febrero.<\/p>\n\n\n\n<p>La cita est\u00e1 programada para las 10:00 de la ma\u00f1ana en la Casa Nacional Reinaldo Pared P\u00e9rez en Gascue, Distrito Nacional.<\/p>\n\n\n\n<p>En la agenda se encuentra la discusi\u00f3n detallada de los resultados de los comicios y, en particular, la abstenci\u00f3n generada en la poblaci\u00f3n, que el partido considera cr\u00edtica y penosa.<\/p>\n\n\n\n<p>Encabezada por el ex presidente de la Rep\u00fablica, Danilo Medina, una representaci\u00f3n del Comit\u00e9 Pol\u00edtico del PLD acompa\u00f1\u00f3 este lunes al candidato presidencial de la organizaci\u00f3n, Abel Mart\u00ednez, quien expres\u00f3 su posici\u00f3n sobre lo que calific\u00f3 como un \u00abdesigual proceso electoral\u00bb.<\/p>\n\n\n\n<figure class=\"wp-block-image size-large\"><img decoding=\"async\" src=\"https:\/\/xco-images.nyc3.digitaloceanspaces.com\/panoramatv.com.do\/wp-content\/uploads\/2024\/02\/PLD-CP-e1708385779234-1024x581.jpg\" alt=\"\" class=\"wp-image-12217\"\/><\/figure>\n","protected":false},"excerpt":{"rendered":"<p>SANTO DOMINGO.- El Partido de la Liberaci\u00f3n Dominicana (PLD) ha convocado a una reuni\u00f3n extraordinaria de su Comit\u00e9 Pol\u00edtico este martes para abordar la situaci\u00f3n pol\u00edtica que ha surgido despu\u00e9s de las elecciones municipales del pasado domingo 18 de febrero. La cita est\u00e1 programada para las 10:00 de la ma\u00f1ana en la Casa Nacional Reinaldo [&hellip;]<\/p>\n","protected":false},"author":1,"featured_media":12217,"comment_status":"open","ping_status":"open","sticky":false,"template":"","format":"standard","meta":{"_jetpack_memberships_contains_paid_content":false,"footnotes":"","jetpack_publicize_message":"","jetpack_publicize_feature_enabled":true,"jetpack_social_post_already_shared":true,"jetpack_social_options":{"image_generator_settings":{"template":"highway","enabled":false}}},"categories":[7],"tags":[38,37],"class_list":["post-12216","post","type-post","status-publish","format-standard","has-post-thumbnail","hentry","category-panorama-politico","tag-elecciones","tag-jce"],"jetpack_publicize_connections":[],"jetpack_sharing_enabled":true,"jetpack_featured_media_url":"https:\/\/panoramatv.com.do\/wp-content\/uploads\/2024\/02\/PLD-CP-e1708385779234-1280x726.jpg","jetpack_likes_enabled":true,"jetpack-related-posts":[],"_links":{"self":[{"href":"https:\/\/panoramatv.com.do\/index.php\/wp-json\/wp\/v2\/posts\/12216","targetHints":{"allow":["GET"]}}],"collection":[{"href":"https:\/\/panoramatv.com.do\/index.php\/wp-json\/wp\/v2\/posts"}],"about":[{"href":"https:\/\/panoramatv.com.do\/index.php\/wp-json\/wp\/v2\/types\/post"}],"author":[{"embeddable":true,"href":"https:\/\/panoramatv.com.do\/index.php\/wp-json\/wp\/v2\/users\/1"}],"replies":[{"embeddable":true,"href":"https:\/\/panoramatv.com.do\/index.php\/wp-json\/wp\/v2\/comments?post=12216"}],"version-history":[{"count":0,"href":"https:\/\/panoramatv.com.do\/index.php\/wp-json\/wp\/v2\/posts\/12216\/revisions"}],"wp:featuredmedia":[{"embeddable":true,"href":"https:\/\/panoramatv.com.do\/index.php\/wp-json\/wp\/v2\/media\/12217"}],"wp:attachment":[{"href":"https:\/\/panoramatv.com.do\/index.php\/wp-json\/wp\/v2\/media?parent=12216"}],"wp:term":[{"taxonomy":"category","embeddable":true,"href":"https:\/\/panoramatv.com.do\/index.php\/wp-json\/wp\/v2\/categories?post=12216"},{"taxonomy":"post_tag","embeddable":true,"href":"https:\/\/panoramatv.com.do\/index.php\/wp-json\/wp\/v2\/tags?post=12216"}],"curies":[{"name":"wp","href":"https:\/\/api.w.org\/{rel}","templated":true}]}}