{"id":12159,"date":"2024-02-08T14:23:51","date_gmt":"2024-02-08T18:23:51","guid":{"rendered":"https:\/\/panoramatv.com.do\/?p=12159"},"modified":"2024-02-08T14:24:03","modified_gmt":"2024-02-08T18:24:03","slug":"melia-hotels-international-y-grupo-puntacana-planean-proyecto-hotelero-en-bergantin-puerto-plata-rd","status":"publish","type":"post","link":"https:\/\/panoramatv.com.do\/index.php\/2024\/02\/08\/melia-hotels-international-y-grupo-puntacana-planean-proyecto-hotelero-en-bergantin-puerto-plata-rd\/","title":{"rendered":"Meli\u00e1 Hotels International y Grupo Puntacana planean proyecto hotelero en Bergant\u00edn, Puerto Plata, RD"},"content":{"rendered":"\n<p>El mayor grupo hotelero espa\u00f1ol, Meli\u00e1 Hotels International, y el Grupo Puntacana, de Rep\u00fablica Dominicana, firmaron un acuerdo de intenciones con el Fideicomiso Bergant\u00edn para la construcci\u00f3n del tercer hotel en el proyecto tur\u00edstico que se est\u00e1 desarrollando en Puerto Plata. Con ello, se establece la intenci\u00f3n de que la operaci\u00f3n hotelera del complejo sea realizada por Meli\u00e1 Hotels International, teniendo una de sus distinguidas marcas como bandera.<\/p>\n\n\n\n<p>\u200bGrupo Puntacana, pionero y promotor del impulso tur\u00edstico en Punta Cana, y Meli\u00e1 Hotels International, con importantes inversiones en destino donde opera ya 6 hoteles, acordaron el desarrollo de 300 habitaciones hoteleras m\u00e1s la gesti\u00f3n de unas 100 branded residences. \u200b<\/p>\n\n\n\n<figure class=\"wp-block-image size-full\"><img decoding=\"async\" src=\"https:\/\/xco-images.nyc3.digitaloceanspaces.com\/panoramatv.com.do\/wp-content\/uploads\/2024\/02\/1-3-918x612.jpg\" alt=\"\" class=\"wp-image-12160\"\/><\/figure>\n\n\n\n<p>La inversi\u00f3n inicial estimada entre todos los socios del proyecto superar\u00eda los 70 millones de d\u00f3lares y el inicio de la construcci\u00f3n espera iniciarse lo antes posible una vez determinado el encaje definitivo del proyecto.<\/p>\n\n\n\n<p>\u200bMeli\u00e1 Hotels International es una de las principales cadenas hoteleras en el mundo, con m\u00e1s de 400 hoteles abiertos o en proceso de apertura en m\u00e1s de 40 pa\u00edses. Concretamente en Punta Cana, la hotelera cuenta con una s\u00f3lida oferta hotelera de la mano de sus marcas Paradisus by Meli\u00e1 y Meli\u00e1 Hotels &amp; Resorts, ofreciendo hoteles de lujo y premium en el destino, sumando m\u00e1s de 3000 habitaciones en operaci\u00f3n.<\/p>\n\n\n\n<figure class=\"wp-block-image size-full\"><img decoding=\"async\" src=\"https:\/\/xco-images.nyc3.digitaloceanspaces.com\/panoramatv.com.do\/wp-content\/uploads\/2024\/02\/0-2-918x612.jpg\" alt=\"\" class=\"wp-image-12161\"\/><\/figure>\n","protected":false},"excerpt":{"rendered":"<p>El mayor grupo hotelero espa\u00f1ol, Meli\u00e1 Hotels International, y el Grupo Puntacana, de Rep\u00fablica Dominicana, firmaron un acuerdo de intenciones con el Fideicomiso Bergant\u00edn para la construcci\u00f3n del tercer hotel en el proyecto tur\u00edstico que se est\u00e1 desarrollando en Puerto Plata. Con ello, se establece la intenci\u00f3n de que la operaci\u00f3n hotelera del complejo sea [&hellip;]<\/p>\n","protected":false},"author":1,"featured_media":12160,"comment_status":"open","ping_status":"open","sticky":false,"template":"","format":"standard","meta":{"_jetpack_memberships_contains_paid_content":false,"footnotes":"","jetpack_publicize_message":"","jetpack_publicize_feature_enabled":true,"jetpack_social_post_already_shared":true,"jetpack_social_options":{"image_generator_settings":{"template":"highway","enabled":false}}},"categories":[44],"tags":[103,2440,877],"class_list":["post-12159","post","type-post","status-publish","format-standard","has-post-thumbnail","hentry","category-panorama-turistico","tag-banreservas","tag-hotelero-en-bergantin","tag-panoramatv"],"jetpack_publicize_connections":[],"jetpack_sharing_enabled":true,"jetpack_featured_media_url":"https:\/\/images.panoramatv.com.do\/wp-content\/uploads\/2024\/02\/1-3-918x612.jpg","jetpack_likes_enabled":true,"jetpack-related-posts":[],"_links":{"self":[{"href":"https:\/\/panoramatv.com.do\/index.php\/wp-json\/wp\/v2\/posts\/12159"}],"collection":[{"href":"https:\/\/panoramatv.com.do\/index.php\/wp-json\/wp\/v2\/posts"}],"about":[{"href":"https:\/\/panoramatv.com.do\/index.php\/wp-json\/wp\/v2\/types\/post"}],"author":[{"embeddable":true,"href":"https:\/\/panoramatv.com.do\/index.php\/wp-json\/wp\/v2\/users\/1"}],"replies":[{"embeddable":true,"href":"https:\/\/panoramatv.com.do\/index.php\/wp-json\/wp\/v2\/comments?post=12159"}],"version-history":[{"count":0,"href":"https:\/\/panoramatv.com.do\/index.php\/wp-json\/wp\/v2\/posts\/12159\/revisions"}],"wp:featuredmedia":[{"embeddable":true,"href":"https:\/\/panoramatv.com.do\/index.php\/wp-json\/wp\/v2\/media\/12160"}],"wp:attachment":[{"href":"https:\/\/panoramatv.com.do\/index.php\/wp-json\/wp\/v2\/media?parent=12159"}],"wp:term":[{"taxonomy":"category","embeddable":true,"href":"https:\/\/panoramatv.com.do\/index.php\/wp-json\/wp\/v2\/categories?post=12159"},{"taxonomy":"post_tag","embeddable":true,"href":"https:\/\/panoramatv.com.do\/index.php\/wp-json\/wp\/v2\/tags?post=12159"}],"curies":[{"name":"wp","href":"https:\/\/api.w.org\/{rel}","templated":true}]}}