{"id":12121,"date":"2024-01-30T09:42:54","date_gmt":"2024-01-30T13:42:54","guid":{"rendered":"https:\/\/panoramatv.com.do\/?p=12121"},"modified":"2024-01-30T09:43:07","modified_gmt":"2024-01-30T13:43:07","slug":"prodominicana-en-el-1er-foro-empresarial-sobre-hacer-negocios-en-la-rd-en-barcelona-espana","status":"publish","type":"post","link":"https:\/\/panoramatv.com.do\/index.php\/2024\/01\/30\/prodominicana-en-el-1er-foro-empresarial-sobre-hacer-negocios-en-la-rd-en-barcelona-espana\/","title":{"rendered":"ProDominicana en el 1er foro empresarial sobre hacer negocios en la RD en Barcelona, Espa\u00f1a."},"content":{"rendered":"\n<p>Barcelona, Espa\u00f1a. Biviana Riveiro Disla, directora ejecutiva del Centro de Exportaci\u00f3n e Inversi\u00f3n de la Rep\u00fablica Dominicana (ProDominicana) particip\u00f3 en el exitoso foro empresarial organizado por el Consulado General de la Rep\u00fablica Dominicana en la C\u00e1mara de Comercio de Barcelona. El objetivo principal de este evento fue fomentar y fortalecer las relaciones comerciales entre Espa\u00f1a y la Rep\u00fablica Dominicana, con el fin de aumentar el comercio internacional entre ambos pa\u00edses.<\/p>\n\n\n\n<figure class=\"wp-block-image size-large\"><img decoding=\"async\" src=\"https:\/\/xco-images.nyc3.digitaloceanspaces.com\/panoramatv.com.do\/wp-content\/uploads\/2024\/01\/6b7d484e-1e77-4b97-b4b4-bd7618cf9cec-1024x682.jpg\" alt=\"\" class=\"wp-image-12122\"\/><\/figure>\n\n\n\n<p><br>El Foro Empresarial titulado \u201c\u00bfC\u00f3mo hacer negocios en la Rep\u00fablica Dominicana?\u201d tuvo como prop\u00f3sito guiar a empresarios, inversionistas o personas interesadas en establecer actividades comerciales en el pa\u00eds, y de esta forma maximizar el intercambio comercial entre la Rep\u00fablica Dominicana y Europa a trav\u00e9s de la promoci\u00f3n de las bondades que tiene el pa\u00eds para la inversi\u00f3n extranjera directa y mediante el fomento de las exportaciones de productos dominicanos que lideran los mercados internacionales.<\/p>\n\n\n\n<figure class=\"wp-block-image size-large\"><img decoding=\"async\" src=\"https:\/\/xco-images.nyc3.digitaloceanspaces.com\/panoramatv.com.do\/wp-content\/uploads\/2024\/01\/e801793d-5199-4b8e-8422-6bd4ea83adf5-1024x576.jpg\" alt=\"\" class=\"wp-image-12123\"\/><\/figure>\n","protected":false},"excerpt":{"rendered":"<p>Barcelona, Espa\u00f1a. Biviana Riveiro Disla, directora ejecutiva del Centro de Exportaci\u00f3n e Inversi\u00f3n de la Rep\u00fablica Dominicana (ProDominicana) particip\u00f3 en el exitoso foro empresarial organizado por el Consulado General de la Rep\u00fablica Dominicana en la C\u00e1mara de Comercio de Barcelona. El objetivo principal de este evento fue fomentar y fortalecer las relaciones comerciales entre Espa\u00f1a [&hellip;]<\/p>\n","protected":false},"author":1,"featured_media":12123,"comment_status":"open","ping_status":"open","sticky":false,"template":"","format":"standard","meta":{"_jetpack_memberships_contains_paid_content":false,"footnotes":"","jetpack_publicize_message":"","jetpack_publicize_feature_enabled":true,"jetpack_social_post_already_shared":true,"jetpack_social_options":{"image_generator_settings":{"template":"highway","enabled":false}}},"categories":[9],"tags":[877,388],"class_list":["post-12121","post","type-post","status-publish","format-standard","has-post-thumbnail","hentry","category-panorama-economico","tag-panoramatv","tag-prodominicana"],"jetpack_publicize_connections":[],"jetpack_sharing_enabled":true,"jetpack_featured_media_url":"https:\/\/panoramatv.com.do\/wp-content\/uploads\/2024\/01\/e801793d-5199-4b8e-8422-6bd4ea83adf5-1600x900.jpg","jetpack_likes_enabled":true,"jetpack-related-posts":[],"_links":{"self":[{"href":"https:\/\/panoramatv.com.do\/index.php\/wp-json\/wp\/v2\/posts\/12121","targetHints":{"allow":["GET"]}}],"collection":[{"href":"https:\/\/panoramatv.com.do\/index.php\/wp-json\/wp\/v2\/posts"}],"about":[{"href":"https:\/\/panoramatv.com.do\/index.php\/wp-json\/wp\/v2\/types\/post"}],"author":[{"embeddable":true,"href":"https:\/\/panoramatv.com.do\/index.php\/wp-json\/wp\/v2\/users\/1"}],"replies":[{"embeddable":true,"href":"https:\/\/panoramatv.com.do\/index.php\/wp-json\/wp\/v2\/comments?post=12121"}],"version-history":[{"count":0,"href":"https:\/\/panoramatv.com.do\/index.php\/wp-json\/wp\/v2\/posts\/12121\/revisions"}],"wp:featuredmedia":[{"embeddable":true,"href":"https:\/\/panoramatv.com.do\/index.php\/wp-json\/wp\/v2\/media\/12123"}],"wp:attachment":[{"href":"https:\/\/panoramatv.com.do\/index.php\/wp-json\/wp\/v2\/media?parent=12121"}],"wp:term":[{"taxonomy":"category","embeddable":true,"href":"https:\/\/panoramatv.com.do\/index.php\/wp-json\/wp\/v2\/categories?post=12121"},{"taxonomy":"post_tag","embeddable":true,"href":"https:\/\/panoramatv.com.do\/index.php\/wp-json\/wp\/v2\/tags?post=12121"}],"curies":[{"name":"wp","href":"https:\/\/api.w.org\/{rel}","templated":true}]}}