{"id":12059,"date":"2024-01-25T12:09:51","date_gmt":"2024-01-25T16:09:51","guid":{"rendered":"https:\/\/panoramatv.com.do\/?p=12059"},"modified":"2024-01-25T12:10:04","modified_gmt":"2024-01-25T16:10:04","slug":"proyecto-regula-dni-fue-consensuado-por-todas-las-fuerzas-politicas","status":"publish","type":"post","link":"https:\/\/panoramatv.com.do\/index.php\/2024\/01\/25\/proyecto-regula-dni-fue-consensuado-por-todas-las-fuerzas-politicas\/","title":{"rendered":"Proyecto regula DNI fue consensuado por todas las fuerzas pol\u00edticas"},"content":{"rendered":"\n<p>El proyecto de ley que regula la Direcci\u00f3n Nacional de Inteligencia, aprobado por el pleno de la C\u00e1mara de Diputados y que ha estado en la palestra, comprende una fusi\u00f3n de varias iniciativas que versan sobre la misma materia.<\/p>\n\n\n\n<p>Los primeros proyectos de ley, cuyos proponentes fueron Pelegr\u00edn Castillo y Jos\u00e9 Ricardo Taveras, empezaron a discutirse en septiembre de 2010.<\/p>\n\n\n<div class=\"wp-block-image\">\n<figure class=\"aligncenter size-full\"><img decoding=\"async\" src=\"https:\/\/xco-images.nyc3.digitaloceanspaces.com\/panoramatv.com.do\/wp-content\/uploads\/2024\/01\/1324.webp\" alt=\"\" class=\"wp-image-12060\"\/><\/figure>\n<\/div>\n\n\n<p>Posteriormente, en septiembre de 2016 el diputado El\u00edas Serulle, reintrodujo un proyecto sobre esta misma materia.<\/p>\n\n\n\n<p>Luego, el Senado aprob\u00f3 un proyecto en el mismo sentido, de la autor\u00eda de Milc\u00edades Franjul, el cual perimi\u00f3.<\/p>\n\n\n\n<p>M\u00e1s adelante fueron conocidos tres proyectos de ley que trataban sobre la misma materia, uno de Lourdes Aybar, que se deposit\u00f3 en octubre del 2020, tambi\u00e9n fue depositado el de Milc\u00edades Franjul, en febrero de 2023 y el de Julito Furcal y Braulio Espinal en septiembre del del mismo a\u00f1o.<\/p>\n\n\n<div class=\"wp-block-image\">\n<figure class=\"aligncenter size-large\"><img decoding=\"async\" src=\"https:\/\/xco-images.nyc3.digitaloceanspaces.com\/panoramatv.com.do\/wp-content\/uploads\/2024\/01\/Alfredo-Pacheco-1-1024x683.jpg\" alt=\"\" class=\"wp-image-12061\"\/><\/figure>\n<\/div>","protected":false},"excerpt":{"rendered":"<p>El proyecto de ley que regula la Direcci\u00f3n Nacional de Inteligencia, aprobado por el pleno de la C\u00e1mara de Diputados y que ha estado en la palestra, comprende una fusi\u00f3n de varias iniciativas que versan sobre la misma materia. Los primeros proyectos de ley, cuyos proponentes fueron Pelegr\u00edn Castillo y Jos\u00e9 Ricardo Taveras, empezaron a [&hellip;]<\/p>\n","protected":false},"author":1,"featured_media":12060,"comment_status":"open","ping_status":"open","sticky":false,"template":"","format":"standard","meta":{"_jetpack_memberships_contains_paid_content":false,"footnotes":"","jetpack_publicize_message":"","jetpack_publicize_feature_enabled":true,"jetpack_social_post_already_shared":true,"jetpack_social_options":{"image_generator_settings":{"template":"highway","enabled":false}}},"categories":[7],"tags":[759,2418,877],"class_list":["post-12059","post","type-post","status-publish","format-standard","has-post-thumbnail","hentry","category-panorama-politico","tag-camara-de-diputados","tag-dni","tag-panoramatv"],"jetpack_publicize_connections":[],"jetpack_sharing_enabled":true,"jetpack_featured_media_url":"https:\/\/panoramatv.com.do\/wp-content\/uploads\/2024\/01\/1324.webp","jetpack_likes_enabled":true,"jetpack-related-posts":[],"_links":{"self":[{"href":"https:\/\/panoramatv.com.do\/index.php\/wp-json\/wp\/v2\/posts\/12059","targetHints":{"allow":["GET"]}}],"collection":[{"href":"https:\/\/panoramatv.com.do\/index.php\/wp-json\/wp\/v2\/posts"}],"about":[{"href":"https:\/\/panoramatv.com.do\/index.php\/wp-json\/wp\/v2\/types\/post"}],"author":[{"embeddable":true,"href":"https:\/\/panoramatv.com.do\/index.php\/wp-json\/wp\/v2\/users\/1"}],"replies":[{"embeddable":true,"href":"https:\/\/panoramatv.com.do\/index.php\/wp-json\/wp\/v2\/comments?post=12059"}],"version-history":[{"count":0,"href":"https:\/\/panoramatv.com.do\/index.php\/wp-json\/wp\/v2\/posts\/12059\/revisions"}],"wp:featuredmedia":[{"embeddable":true,"href":"https:\/\/panoramatv.com.do\/index.php\/wp-json\/wp\/v2\/media\/12060"}],"wp:attachment":[{"href":"https:\/\/panoramatv.com.do\/index.php\/wp-json\/wp\/v2\/media?parent=12059"}],"wp:term":[{"taxonomy":"category","embeddable":true,"href":"https:\/\/panoramatv.com.do\/index.php\/wp-json\/wp\/v2\/categories?post=12059"},{"taxonomy":"post_tag","embeddable":true,"href":"https:\/\/panoramatv.com.do\/index.php\/wp-json\/wp\/v2\/tags?post=12059"}],"curies":[{"name":"wp","href":"https:\/\/api.w.org\/{rel}","templated":true}]}}