{"id":12050,"date":"2024-01-25T11:45:02","date_gmt":"2024-01-25T15:45:02","guid":{"rendered":"https:\/\/panoramatv.com.do\/?p=12050"},"modified":"2024-01-25T11:45:15","modified_gmt":"2024-01-25T15:45:15","slug":"ministro-del-map-felicita-a-empleados-publicos-en-su-dia","status":"publish","type":"post","link":"https:\/\/panoramatv.com.do\/index.php\/2024\/01\/25\/ministro-del-map-felicita-a-empleados-publicos-en-su-dia\/","title":{"rendered":"Ministro del MAP felicita a empleados p\u00fablicos en su D\u00eda"},"content":{"rendered":"\n<p>Santo Domingo, RD. \u2013 El ministro de Administraci\u00f3n P\u00fablica, Dar\u00edo Castillo Lugo, felicit\u00f3, hoy jueves 25 de enero, a todos los funcionarios y servidores del Estado, en ocasi\u00f3n de la conmemoraci\u00f3n del D\u00eda Nacional del Servidor P\u00fablico.<\/p>\n\n\n\n<p>\u201cFelicitamos a todos los empleados del sector p\u00fablico, quienes se dedican al servicio de la ciudadan\u00eda, con vocaci\u00f3n, honradez, calidad y eficiencia\u201d, agreg\u00f3 el funcionario.<\/p>\n\n\n<div class=\"wp-block-image\">\n<figure class=\"aligncenter size-full\"><img decoding=\"async\" src=\"https:\/\/xco-images.nyc3.digitaloceanspaces.com\/panoramatv.com.do\/wp-content\/uploads\/2024\/01\/46cd7fa2-32ed-4830-b17d-29e4486be890-616x406.jpg\" alt=\"\" class=\"wp-image-12051\"\/><\/figure>\n<\/div>\n\n\n<p>Asimismo, resalt\u00f3 la importancia de las labores que desempe\u00f1an los servidores p\u00fablicos y de su contribuci\u00f3n al desarrollo del pa\u00eds, \u201cpues cada tarea que realizan, por grande o peque\u00f1a, impacta, directamente, en la calidad de vida de nuestra gente\u201d, expres\u00f3 el titular del \u00f3rgano rector de la Administraci\u00f3n P\u00fablica.<\/p>\n\n\n\n<p>En ese sentido, Castillo Lugo reafirm\u00f3 su compromiso de continuar trabajando para mejorar la gesti\u00f3n de los recursos humanos y fortalecer la profesionalizaci\u00f3n de los servidores, por medio de la ejecuci\u00f3n de pol\u00edticas para reformar y modernizar la Administraci\u00f3n P\u00fablica, en la Rep\u00fablica Dominicana.<\/p>\n\n\n<div class=\"wp-block-image\">\n<figure class=\"aligncenter size-large\"><img decoding=\"async\" src=\"https:\/\/xco-images.nyc3.digitaloceanspaces.com\/panoramatv.com.do\/wp-content\/uploads\/2024\/01\/6faa0315-95a1-4bfc-a3a8-15453d7b80d6-1024x682.jpg\" alt=\"\" class=\"wp-image-12052\"\/><\/figure>\n<\/div>","protected":false},"excerpt":{"rendered":"<p>Santo Domingo, RD. \u2013 El ministro de Administraci\u00f3n P\u00fablica, Dar\u00edo Castillo Lugo, felicit\u00f3, hoy jueves 25 de enero, a todos los funcionarios y servidores del Estado, en ocasi\u00f3n de la conmemoraci\u00f3n del D\u00eda Nacional del Servidor P\u00fablico. \u201cFelicitamos a todos los empleados del sector p\u00fablico, quienes se dedican al servicio de la ciudadan\u00eda, con vocaci\u00f3n, [&hellip;]<\/p>\n","protected":false},"author":1,"featured_media":12052,"comment_status":"open","ping_status":"open","sticky":false,"template":"","format":"standard","meta":{"_jetpack_memberships_contains_paid_content":false,"footnotes":"","jetpack_publicize_message":"","jetpack_publicize_feature_enabled":true,"jetpack_social_post_already_shared":true,"jetpack_social_options":{"image_generator_settings":{"template":"highway","enabled":false}}},"categories":[1],"tags":[2417,2416,877],"class_list":["post-12050","post","type-post","status-publish","format-standard","has-post-thumbnail","hentry","category-actualidad","tag-dario-castillo-lugo","tag-ministro-de-administracion-publica","tag-panoramatv"],"jetpack_publicize_connections":[],"jetpack_sharing_enabled":true,"jetpack_featured_media_url":"https:\/\/panoramatv.com.do\/wp-content\/uploads\/2024\/01\/6faa0315-95a1-4bfc-a3a8-15453d7b80d6-1600x1066.jpg","jetpack_likes_enabled":true,"jetpack-related-posts":[],"_links":{"self":[{"href":"https:\/\/panoramatv.com.do\/index.php\/wp-json\/wp\/v2\/posts\/12050","targetHints":{"allow":["GET"]}}],"collection":[{"href":"https:\/\/panoramatv.com.do\/index.php\/wp-json\/wp\/v2\/posts"}],"about":[{"href":"https:\/\/panoramatv.com.do\/index.php\/wp-json\/wp\/v2\/types\/post"}],"author":[{"embeddable":true,"href":"https:\/\/panoramatv.com.do\/index.php\/wp-json\/wp\/v2\/users\/1"}],"replies":[{"embeddable":true,"href":"https:\/\/panoramatv.com.do\/index.php\/wp-json\/wp\/v2\/comments?post=12050"}],"version-history":[{"count":0,"href":"https:\/\/panoramatv.com.do\/index.php\/wp-json\/wp\/v2\/posts\/12050\/revisions"}],"wp:featuredmedia":[{"embeddable":true,"href":"https:\/\/panoramatv.com.do\/index.php\/wp-json\/wp\/v2\/media\/12052"}],"wp:attachment":[{"href":"https:\/\/panoramatv.com.do\/index.php\/wp-json\/wp\/v2\/media?parent=12050"}],"wp:term":[{"taxonomy":"category","embeddable":true,"href":"https:\/\/panoramatv.com.do\/index.php\/wp-json\/wp\/v2\/categories?post=12050"},{"taxonomy":"post_tag","embeddable":true,"href":"https:\/\/panoramatv.com.do\/index.php\/wp-json\/wp\/v2\/tags?post=12050"}],"curies":[{"name":"wp","href":"https:\/\/api.w.org\/{rel}","templated":true}]}}