{"id":11989,"date":"2024-01-24T13:31:22","date_gmt":"2024-01-24T17:31:22","guid":{"rendered":"https:\/\/panoramatv.com.do\/?p=11989"},"modified":"2024-01-24T13:31:35","modified_gmt":"2024-01-24T17:31:35","slug":"rd-avanza-en-la-formalizacion-de-la-mineria-artesanal","status":"publish","type":"post","link":"https:\/\/panoramatv.com.do\/index.php\/2024\/01\/24\/rd-avanza-en-la-formalizacion-de-la-mineria-artesanal\/","title":{"rendered":"RD avanza en la formalizaci\u00f3n de la miner\u00eda artesanal"},"content":{"rendered":"\n<p>Santo Domingo, RD. &#8211; El Ministerio de Energ\u00eda y Minas (MEM) y la Comisi\u00f3n Econ\u00f3mica para Am\u00e9rica Latina y el Caribe (CEPAL) concluyeron este jueves la segunda fase de su colaboraci\u00f3n para la formalizaci\u00f3n de la miner\u00eda artesanal en Rep\u00fablica Dominicana.<\/p>\n\n\n\n<p>&nbsp;En esta etapa, centrada en la mejora de la plataforma web y m\u00f3vil SisdataMEM, se analiz\u00f3 la miner\u00eda artesanal y de peque\u00f1a escala y obtener datos detallados sobre la producci\u00f3n por mina y mineral, localidad, entidad, pa\u00edses de destino, usos, ayudas otorgadas, impacto social por comunidad, entre otras informaciones de inter\u00e9s para la aplicaci\u00f3n de pol\u00edticas en beneficio de este sector.<\/p>\n\n\n\n<p>El viceministro de Minas, Miguel D\u00edaz, agradeci\u00f3 la asistencia brindada por la CEPAL en esta \u00e1rea de importancia social para la miner\u00eda en el pa\u00eds. \u00abLa esencia de una buena pol\u00edtica es una base de datos confiable y su debida interpretaci\u00f3n. En ese sentido, las dos fases realizadas han proporcionado suficiente informaci\u00f3n\u00bb, se\u00f1al\u00f3 D\u00edaz.<\/p>\n\n\n\n<p>Por su parte, Golye Latoufe, directora de Promoci\u00f3n Minera, destac\u00f3 que desde el a\u00f1o 2020 han trabajado en la transici\u00f3n hacia la formalizaci\u00f3n de la miner\u00eda artesanal dominicana, abordando los puntos cruciales para lograr este objetivo. Charbel Hage, consultor designado por la CEPAL, llev\u00f3 a cabo un diagn\u00f3stico del SisdataMEM y comparti\u00f3 recomendaciones para mejorar su infraestructura.<\/p>\n\n\n\n<figure class=\"wp-block-gallery has-nested-images columns-default is-cropped wp-block-gallery-1 is-layout-flex wp-block-gallery-is-layout-flex\">\n<figure class=\"wp-block-image size-large\"><img decoding=\"async\" data-id=\"11991\" src=\"https:\/\/xco-images.nyc3.digitaloceanspaces.com\/panoramatv.com.do\/wp-content\/uploads\/2024\/01\/1-17-959x640.jpg\" alt=\"\" class=\"wp-image-11991\"\/><\/figure>\n\n\n\n<figure class=\"wp-block-image size-large\"><img decoding=\"async\" data-id=\"11990\" src=\"https:\/\/xco-images.nyc3.digitaloceanspaces.com\/panoramatv.com.do\/wp-content\/uploads\/2024\/01\/0-31-496x640.jpg\" alt=\"\" class=\"wp-image-11990\"\/><\/figure>\n<\/figure>\n","protected":false},"excerpt":{"rendered":"<p>Santo Domingo, RD. &#8211; El Ministerio de Energ\u00eda y Minas (MEM) y la Comisi\u00f3n Econ\u00f3mica para Am\u00e9rica Latina y el Caribe (CEPAL) concluyeron este jueves la segunda fase de su colaboraci\u00f3n para la formalizaci\u00f3n de la miner\u00eda artesanal en Rep\u00fablica Dominicana. &nbsp;En esta etapa, centrada en la mejora de la plataforma web y m\u00f3vil SisdataMEM, [&hellip;]<\/p>\n","protected":false},"author":1,"featured_media":11991,"comment_status":"open","ping_status":"open","sticky":false,"template":"","format":"standard","meta":{"_jetpack_memberships_contains_paid_content":false,"footnotes":"","jetpack_publicize_message":"","jetpack_publicize_feature_enabled":true,"jetpack_social_post_already_shared":true,"jetpack_social_options":{"image_generator_settings":{"template":"highway","enabled":false}}},"categories":[9],"tags":[2404,841,877],"class_list":["post-11989","post","type-post","status-publish","format-standard","has-post-thumbnail","hentry","category-panorama-economico","tag-cepal","tag-ministerio-de-energia-y-minas","tag-panoramatv"],"jetpack_publicize_connections":[],"jetpack_sharing_enabled":true,"jetpack_featured_media_url":"https:\/\/panoramatv.com.do\/wp-content\/uploads\/2024\/01\/1-17-959x640.jpg","jetpack_likes_enabled":true,"jetpack-related-posts":[],"_links":{"self":[{"href":"https:\/\/panoramatv.com.do\/index.php\/wp-json\/wp\/v2\/posts\/11989","targetHints":{"allow":["GET"]}}],"collection":[{"href":"https:\/\/panoramatv.com.do\/index.php\/wp-json\/wp\/v2\/posts"}],"about":[{"href":"https:\/\/panoramatv.com.do\/index.php\/wp-json\/wp\/v2\/types\/post"}],"author":[{"embeddable":true,"href":"https:\/\/panoramatv.com.do\/index.php\/wp-json\/wp\/v2\/users\/1"}],"replies":[{"embeddable":true,"href":"https:\/\/panoramatv.com.do\/index.php\/wp-json\/wp\/v2\/comments?post=11989"}],"version-history":[{"count":0,"href":"https:\/\/panoramatv.com.do\/index.php\/wp-json\/wp\/v2\/posts\/11989\/revisions"}],"wp:featuredmedia":[{"embeddable":true,"href":"https:\/\/panoramatv.com.do\/index.php\/wp-json\/wp\/v2\/media\/11991"}],"wp:attachment":[{"href":"https:\/\/panoramatv.com.do\/index.php\/wp-json\/wp\/v2\/media?parent=11989"}],"wp:term":[{"taxonomy":"category","embeddable":true,"href":"https:\/\/panoramatv.com.do\/index.php\/wp-json\/wp\/v2\/categories?post=11989"},{"taxonomy":"post_tag","embeddable":true,"href":"https:\/\/panoramatv.com.do\/index.php\/wp-json\/wp\/v2\/tags?post=11989"}],"curies":[{"name":"wp","href":"https:\/\/api.w.org\/{rel}","templated":true}]}}