{"id":11957,"date":"2024-01-24T07:46:56","date_gmt":"2024-01-24T11:46:56","guid":{"rendered":"https:\/\/panoramatv.com.do\/?p=11957"},"modified":"2024-01-24T07:47:09","modified_gmt":"2024-01-24T11:47:09","slug":"vinicio-castillo-considera-el-voto-perremeista-no-sera-para-moreno","status":"publish","type":"post","link":"https:\/\/panoramatv.com.do\/index.php\/2024\/01\/24\/vinicio-castillo-considera-el-voto-perremeista-no-sera-para-moreno\/","title":{"rendered":"Vinicio Castillo considera el voto\u00a0 perremeista no ser\u00e1 para Moreno"},"content":{"rendered":"\n<p>El candidato a senador por el Distrito Nacional del Partido Reformista Social Cristiano (PRSC) y la Fuerza Nacional Progresista (FNP), Vinicio Castillo Sem\u00e1n, afirm\u00f3 este martes que los perreme\u00edstas no votar\u00e1n por Guillermo Moreno a la senadur\u00eda.<\/p>\n\n\n\n<p>Garantiz\u00f3 que el voto conservador del partido oficialista preferir\u00e1 una opci\u00f3n m\u00e1s af\u00edn a sus principios, como la que presenta la FNP, que es aliado del mandatario en los comicios de mayo pr\u00f3ximo.<\/p>\n\n\n\n<p>Hay un voto amplio de Abinader y otro conservador que no va a elegir a Moreno, sino a favor del PRM, \u201clo que me da un margen de crecimiento de 15 a 20 puntos\u201d, expres\u00f3 el candidato.<\/p>\n\n\n\n<figure class=\"wp-block-image size-full\"><img decoding=\"async\" src=\"https:\/\/xco-images.nyc3.digitaloceanspaces.com\/panoramatv.com.do\/wp-content\/uploads\/2024\/01\/Vinicio-Senador-e1706057636368-960x585.jpg\" alt=\"\" class=\"wp-image-11958\"\/><\/figure>\n","protected":false},"excerpt":{"rendered":"<p>El candidato a senador por el Distrito Nacional del Partido Reformista Social Cristiano (PRSC) y la Fuerza Nacional Progresista (FNP), Vinicio Castillo Sem\u00e1n, afirm\u00f3 este martes que los perreme\u00edstas no votar\u00e1n por Guillermo Moreno a la senadur\u00eda. Garantiz\u00f3 que el voto conservador del partido oficialista preferir\u00e1 una opci\u00f3n m\u00e1s af\u00edn a sus principios, como la [&hellip;]<\/p>\n","protected":false},"author":1,"featured_media":11958,"comment_status":"open","ping_status":"open","sticky":false,"template":"","format":"standard","meta":{"_jetpack_memberships_contains_paid_content":false,"footnotes":"","jetpack_publicize_message":"","jetpack_publicize_feature_enabled":true,"jetpack_social_post_already_shared":true,"jetpack_social_options":{"image_generator_settings":{"template":"highway","enabled":false}}},"categories":[7],"tags":[877,283,2399],"class_list":["post-11957","post","type-post","status-publish","format-standard","has-post-thumbnail","hentry","category-panorama-politico","tag-panoramatv","tag-prm","tag-vinicio-castillo"],"jetpack_publicize_connections":[],"jetpack_sharing_enabled":true,"jetpack_featured_media_url":"https:\/\/panoramatv.com.do\/wp-content\/uploads\/2024\/01\/Vinicio-Senador-e1706057636368-960x585.jpg","jetpack_likes_enabled":true,"jetpack-related-posts":[],"_links":{"self":[{"href":"https:\/\/panoramatv.com.do\/index.php\/wp-json\/wp\/v2\/posts\/11957","targetHints":{"allow":["GET"]}}],"collection":[{"href":"https:\/\/panoramatv.com.do\/index.php\/wp-json\/wp\/v2\/posts"}],"about":[{"href":"https:\/\/panoramatv.com.do\/index.php\/wp-json\/wp\/v2\/types\/post"}],"author":[{"embeddable":true,"href":"https:\/\/panoramatv.com.do\/index.php\/wp-json\/wp\/v2\/users\/1"}],"replies":[{"embeddable":true,"href":"https:\/\/panoramatv.com.do\/index.php\/wp-json\/wp\/v2\/comments?post=11957"}],"version-history":[{"count":0,"href":"https:\/\/panoramatv.com.do\/index.php\/wp-json\/wp\/v2\/posts\/11957\/revisions"}],"wp:featuredmedia":[{"embeddable":true,"href":"https:\/\/panoramatv.com.do\/index.php\/wp-json\/wp\/v2\/media\/11958"}],"wp:attachment":[{"href":"https:\/\/panoramatv.com.do\/index.php\/wp-json\/wp\/v2\/media?parent=11957"}],"wp:term":[{"taxonomy":"category","embeddable":true,"href":"https:\/\/panoramatv.com.do\/index.php\/wp-json\/wp\/v2\/categories?post=11957"},{"taxonomy":"post_tag","embeddable":true,"href":"https:\/\/panoramatv.com.do\/index.php\/wp-json\/wp\/v2\/tags?post=11957"}],"curies":[{"name":"wp","href":"https:\/\/api.w.org\/{rel}","templated":true}]}}