{"id":11954,"date":"2024-01-24T07:45:31","date_gmt":"2024-01-24T11:45:31","guid":{"rendered":"https:\/\/panoramatv.com.do\/?p=11954"},"modified":"2024-01-24T07:45:43","modified_gmt":"2024-01-24T11:45:43","slug":"radhames-jimenez-la-popicracia-tiene-los-dias-contados-en-la-rd","status":"publish","type":"post","link":"https:\/\/panoramatv.com.do\/index.php\/2024\/01\/24\/radhames-jimenez-la-popicracia-tiene-los-dias-contados-en-la-rd\/","title":{"rendered":"Radham\u00e9s Jim\u00e9nez la \u00abpopicracia\u00bb tiene los d\u00edas contados en la RD"},"content":{"rendered":"\n<p>El vicepresidente del partido Fuerza del Pueblo (FP) Radham\u00e9s Jim\u00e9nez, dijo que el gobierno de Luis Abinader tiene los d\u00edas contados, pues se han enfocado en los \u201cpopis\u201d y en los ricos, descuidando las grandes mayor\u00edas del pueblo dominicano.<\/p>\n\n\n\n<p>\u201cEn estos tres a\u00f1os del gobierno del PRM lo que se ha instaurado en el pa\u00eds es una popicracia, es el gobierno de los popis, a quienes no les importan para nada los pobres\u201d, indic\u00f3.<\/p>\n\n\n\n<p>Durante la juramentaci\u00f3n de dirigentes del Partido Revolucionario Moderno (PRM) que pasaron a la Fuerza del Pueblo este martes,&nbsp;Jim\u00e9nez dijo adem\u00e1s que al actual gobierno le est\u00e1n quedando 7 meses y, el pa\u00eds volver\u00e1&nbsp; por el camino del progreso y la libertad, de la mano de Leonel Fern\u00e1ndez.<\/p>\n\n\n\n<figure class=\"wp-block-image size-full\"><img decoding=\"async\" src=\"https:\/\/xco-images.nyc3.digitaloceanspaces.com\/panoramatv.com.do\/wp-content\/uploads\/2024\/01\/Fuerza-del-Pueblo-960x560.jpg\" alt=\"\" class=\"wp-image-11955\"\/><\/figure>\n","protected":false},"excerpt":{"rendered":"<p>El vicepresidente del partido Fuerza del Pueblo (FP) Radham\u00e9s Jim\u00e9nez, dijo que el gobierno de Luis Abinader tiene los d\u00edas contados, pues se han enfocado en los \u201cpopis\u201d y en los ricos, descuidando las grandes mayor\u00edas del pueblo dominicano. \u201cEn estos tres a\u00f1os del gobierno del PRM lo que se ha instaurado en el pa\u00eds [&hellip;]<\/p>\n","protected":false},"author":1,"featured_media":11955,"comment_status":"open","ping_status":"open","sticky":false,"template":"","format":"standard","meta":{"_jetpack_memberships_contains_paid_content":false,"footnotes":"","jetpack_publicize_message":"","jetpack_publicize_feature_enabled":true,"jetpack_social_post_already_shared":true,"jetpack_social_options":{"image_generator_settings":{"template":"highway","enabled":false}}},"categories":[7],"tags":[2398,877],"class_list":["post-11954","post","type-post","status-publish","format-standard","has-post-thumbnail","hentry","category-panorama-politico","tag-fuerza-del-pueblo","tag-panoramatv"],"jetpack_publicize_connections":[],"jetpack_sharing_enabled":true,"jetpack_featured_media_url":"https:\/\/panoramatv.com.do\/wp-content\/uploads\/2024\/01\/Fuerza-del-Pueblo-960x560.jpg","jetpack_likes_enabled":true,"jetpack-related-posts":[],"_links":{"self":[{"href":"https:\/\/panoramatv.com.do\/index.php\/wp-json\/wp\/v2\/posts\/11954","targetHints":{"allow":["GET"]}}],"collection":[{"href":"https:\/\/panoramatv.com.do\/index.php\/wp-json\/wp\/v2\/posts"}],"about":[{"href":"https:\/\/panoramatv.com.do\/index.php\/wp-json\/wp\/v2\/types\/post"}],"author":[{"embeddable":true,"href":"https:\/\/panoramatv.com.do\/index.php\/wp-json\/wp\/v2\/users\/1"}],"replies":[{"embeddable":true,"href":"https:\/\/panoramatv.com.do\/index.php\/wp-json\/wp\/v2\/comments?post=11954"}],"version-history":[{"count":0,"href":"https:\/\/panoramatv.com.do\/index.php\/wp-json\/wp\/v2\/posts\/11954\/revisions"}],"wp:featuredmedia":[{"embeddable":true,"href":"https:\/\/panoramatv.com.do\/index.php\/wp-json\/wp\/v2\/media\/11955"}],"wp:attachment":[{"href":"https:\/\/panoramatv.com.do\/index.php\/wp-json\/wp\/v2\/media?parent=11954"}],"wp:term":[{"taxonomy":"category","embeddable":true,"href":"https:\/\/panoramatv.com.do\/index.php\/wp-json\/wp\/v2\/categories?post=11954"},{"taxonomy":"post_tag","embeddable":true,"href":"https:\/\/panoramatv.com.do\/index.php\/wp-json\/wp\/v2\/tags?post=11954"}],"curies":[{"name":"wp","href":"https:\/\/api.w.org\/{rel}","templated":true}]}}