{"id":11922,"date":"2024-01-23T07:34:23","date_gmt":"2024-01-23T11:34:23","guid":{"rendered":"https:\/\/panoramatv.com.do\/?p=11922"},"modified":"2024-01-23T07:34:38","modified_gmt":"2024-01-23T11:34:38","slug":"embajador-de-espana-en-rd-fitur-es-la-plataforma-por-excelencia-para-promover-la-imagen-turistica-dominicana","status":"publish","type":"post","link":"https:\/\/panoramatv.com.do\/index.php\/2024\/01\/23\/embajador-de-espana-en-rd-fitur-es-la-plataforma-por-excelencia-para-promover-la-imagen-turistica-dominicana\/","title":{"rendered":"Embajador de Espa\u00f1a en RD: \u201cFitur es la plataforma por excelencia para promover la imagen tur\u012bstica dominicana"},"content":{"rendered":"\n<p>El embajador de Espa\u00f1a en la Rep\u00fablica Dominicana, Antonio P\u00e9rez-Hern\u00e1ndez y Torra, destaca la prioridad de la Rep\u00fablica Dominicana como destino tur\u00edstico para los espa\u00f1oles. Subraya la importancia de la Feria Internacional de Turismo (Fitur) como plataforma exitosa para promover la imagen tur\u00edstica dominicana.<\/p>\n\n\n<div class=\"wp-block-image\">\n<figure class=\"aligncenter size-large\"><img decoding=\"async\" src=\"https:\/\/xco-images.nyc3.digitaloceanspaces.com\/panoramatv.com.do\/wp-content\/uploads\/2024\/01\/085f1d34-6cf2-4b6b-bc6c-89059f14f2d2-1024x447.jpg\" alt=\"\" class=\"wp-image-11924\"\/><\/figure>\n<\/div>\n\n\n<p>Destaca la belleza del pa\u00eds en los stands de Fitur y el entusiasmo que genera. Menciona la participaci\u00f3n destacada de Rep\u00fablica Dominicana en Fitur, promoviendo lugares como Miches, Punta Bergantin y Pedernales. <\/p>\n\n\n\n<p>El embajador elogia el atractivo del pa\u00eds y se\u00f1ala que el turismo dominicano ha continuado consolid\u00e1ndose, con un aumento de turistas espa\u00f1oles. Adem\u00e1s, destaca las excelentes relaciones bilaterales entre ambos pa\u00edses y elogia los esfuerzos de Rep\u00fablica Dominicana en impulsar la movilidad sostenible.<\/p>\n\n\n<div class=\"wp-block-image\">\n<figure class=\"aligncenter size-large\"><img decoding=\"async\" src=\"https:\/\/xco-images.nyc3.digitaloceanspaces.com\/panoramatv.com.do\/wp-content\/uploads\/2024\/01\/6fb2fafa-f13e-4fb1-8ff9-d7a3a4bee608-1024x621.jpg\" alt=\"\" class=\"wp-image-11923\"\/><\/figure>\n<\/div>","protected":false},"excerpt":{"rendered":"<p>El embajador de Espa\u00f1a en la Rep\u00fablica Dominicana, Antonio P\u00e9rez-Hern\u00e1ndez y Torra, destaca la prioridad de la Rep\u00fablica Dominicana como destino tur\u00edstico para los espa\u00f1oles. Subraya la importancia de la Feria Internacional de Turismo (Fitur) como plataforma exitosa para promover la imagen tur\u00edstica dominicana. Destaca la belleza del pa\u00eds en los stands de Fitur y [&hellip;]<\/p>\n","protected":false},"author":1,"featured_media":11924,"comment_status":"open","ping_status":"open","sticky":false,"template":"","format":"standard","meta":{"_jetpack_memberships_contains_paid_content":false,"footnotes":"","jetpack_publicize_message":"","jetpack_publicize_feature_enabled":true,"jetpack_social_post_already_shared":true,"jetpack_social_options":{"image_generator_settings":{"template":"highway","enabled":false}}},"categories":[44],"tags":[2328,1224,877],"class_list":["post-11922","post","type-post","status-publish","format-standard","has-post-thumbnail","hentry","category-panorama-turistico","tag-feria-internacional-de-turismo","tag-fitur","tag-panoramatv"],"jetpack_publicize_connections":[],"jetpack_sharing_enabled":true,"jetpack_featured_media_url":"https:\/\/panoramatv.com.do\/wp-content\/uploads\/2024\/01\/085f1d34-6cf2-4b6b-bc6c-89059f14f2d2-1440x628.jpg","jetpack_likes_enabled":true,"jetpack-related-posts":[],"_links":{"self":[{"href":"https:\/\/panoramatv.com.do\/index.php\/wp-json\/wp\/v2\/posts\/11922","targetHints":{"allow":["GET"]}}],"collection":[{"href":"https:\/\/panoramatv.com.do\/index.php\/wp-json\/wp\/v2\/posts"}],"about":[{"href":"https:\/\/panoramatv.com.do\/index.php\/wp-json\/wp\/v2\/types\/post"}],"author":[{"embeddable":true,"href":"https:\/\/panoramatv.com.do\/index.php\/wp-json\/wp\/v2\/users\/1"}],"replies":[{"embeddable":true,"href":"https:\/\/panoramatv.com.do\/index.php\/wp-json\/wp\/v2\/comments?post=11922"}],"version-history":[{"count":0,"href":"https:\/\/panoramatv.com.do\/index.php\/wp-json\/wp\/v2\/posts\/11922\/revisions"}],"wp:featuredmedia":[{"embeddable":true,"href":"https:\/\/panoramatv.com.do\/index.php\/wp-json\/wp\/v2\/media\/11924"}],"wp:attachment":[{"href":"https:\/\/panoramatv.com.do\/index.php\/wp-json\/wp\/v2\/media?parent=11922"}],"wp:term":[{"taxonomy":"category","embeddable":true,"href":"https:\/\/panoramatv.com.do\/index.php\/wp-json\/wp\/v2\/categories?post=11922"},{"taxonomy":"post_tag","embeddable":true,"href":"https:\/\/panoramatv.com.do\/index.php\/wp-json\/wp\/v2\/tags?post=11922"}],"curies":[{"name":"wp","href":"https:\/\/api.w.org\/{rel}","templated":true}]}}