{"id":11919,"date":"2024-01-22T13:49:44","date_gmt":"2024-01-22T17:49:44","guid":{"rendered":"https:\/\/panoramatv.com.do\/?p=11919"},"modified":"2024-01-22T13:49:58","modified_gmt":"2024-01-22T17:49:58","slug":"banco-popular-entra-al-consejo-mundial-de-viajes-y-turismo","status":"publish","type":"post","link":"https:\/\/panoramatv.com.do\/index.php\/2024\/01\/22\/banco-popular-entra-al-consejo-mundial-de-viajes-y-turismo\/","title":{"rendered":"Banco Popular entra al Consejo Mundial de Viajes y Turismo"},"content":{"rendered":"\n<p>El Banco Popular Dominicano inform\u00f3 su incorporaci\u00f3n como miembro regional al Consejo Mundial de Viajes y Turismo (WTTC, por sus siglas en ingl\u00e9s), convirti\u00e9ndose en el primer banco latinoamericano en entrar al principal foro empresarial para la industria internacional de viajes y turismo, que est\u00e1 integrado por cerca de 200 miembros de todas las regiones del mundo.<\/p>\n\n\n\n<p>La integraci\u00f3n del Banco Popular al WTTC refuerza el compromiso de esta instituci\u00f3n financiera con el desarrollo de la industria tur\u00edstica en la Rep\u00fablica Dominicana, ya que desde este foro podr\u00e1 conocer e influir de manera directa en las estrategias regionales y globales del sector tur\u00edstico. Estas estrategias internacionales contribuyen a crear localmente nuevas oportunidades y a alinearlas con las tendencias y est\u00e1ndares globales del sector.<\/p>\n\n\n<div class=\"wp-block-image\">\n<figure class=\"aligncenter size-full is-resized\"><img decoding=\"async\" src=\"https:\/\/xco-images.nyc3.digitaloceanspaces.com\/panoramatv.com.do\/wp-content\/uploads\/2024\/01\/Torre-Popular-sede-del-Banco-Popular-Dominicano-719x459.jpg\" alt=\"\" class=\"wp-image-11920\" style=\"width:793px;height:auto\"\/><\/figure>\n<\/div>","protected":false},"excerpt":{"rendered":"<p>El Banco Popular Dominicano inform\u00f3 su incorporaci\u00f3n como miembro regional al Consejo Mundial de Viajes y Turismo (WTTC, por sus siglas en ingl\u00e9s), convirti\u00e9ndose en el primer banco latinoamericano en entrar al principal foro empresarial para la industria internacional de viajes y turismo, que est\u00e1 integrado por cerca de 200 miembros de todas las regiones [&hellip;]<\/p>\n","protected":false},"author":1,"featured_media":11920,"comment_status":"open","ping_status":"open","sticky":false,"template":"","format":"standard","meta":{"_jetpack_memberships_contains_paid_content":false,"footnotes":"","jetpack_publicize_message":"","jetpack_publicize_feature_enabled":true,"jetpack_social_post_already_shared":true,"jetpack_social_options":{"image_generator_settings":{"template":"highway","enabled":false}}},"categories":[9],"tags":[1682,877,77],"class_list":["post-11919","post","type-post","status-publish","format-standard","has-post-thumbnail","hentry","category-panorama-economico","tag-banco-popular","tag-panoramatv","tag-turismo"],"jetpack_publicize_connections":[],"jetpack_sharing_enabled":true,"jetpack_featured_media_url":"https:\/\/panoramatv.com.do\/wp-content\/uploads\/2024\/01\/Torre-Popular-sede-del-Banco-Popular-Dominicano-719x459.jpg","jetpack_likes_enabled":true,"jetpack-related-posts":[],"_links":{"self":[{"href":"https:\/\/panoramatv.com.do\/index.php\/wp-json\/wp\/v2\/posts\/11919","targetHints":{"allow":["GET"]}}],"collection":[{"href":"https:\/\/panoramatv.com.do\/index.php\/wp-json\/wp\/v2\/posts"}],"about":[{"href":"https:\/\/panoramatv.com.do\/index.php\/wp-json\/wp\/v2\/types\/post"}],"author":[{"embeddable":true,"href":"https:\/\/panoramatv.com.do\/index.php\/wp-json\/wp\/v2\/users\/1"}],"replies":[{"embeddable":true,"href":"https:\/\/panoramatv.com.do\/index.php\/wp-json\/wp\/v2\/comments?post=11919"}],"version-history":[{"count":0,"href":"https:\/\/panoramatv.com.do\/index.php\/wp-json\/wp\/v2\/posts\/11919\/revisions"}],"wp:featuredmedia":[{"embeddable":true,"href":"https:\/\/panoramatv.com.do\/index.php\/wp-json\/wp\/v2\/media\/11920"}],"wp:attachment":[{"href":"https:\/\/panoramatv.com.do\/index.php\/wp-json\/wp\/v2\/media?parent=11919"}],"wp:term":[{"taxonomy":"category","embeddable":true,"href":"https:\/\/panoramatv.com.do\/index.php\/wp-json\/wp\/v2\/categories?post=11919"},{"taxonomy":"post_tag","embeddable":true,"href":"https:\/\/panoramatv.com.do\/index.php\/wp-json\/wp\/v2\/tags?post=11919"}],"curies":[{"name":"wp","href":"https:\/\/api.w.org\/{rel}","templated":true}]}}