{"id":11887,"date":"2024-01-22T09:04:59","date_gmt":"2024-01-22T13:04:59","guid":{"rendered":"https:\/\/panoramatv.com.do\/?p=11887"},"modified":"2024-01-22T09:05:12","modified_gmt":"2024-01-22T13:05:12","slug":"conversatorio-en-el-centro-cultural-banreservas-sobre-la-obra-de-guillo-perez-en-su-centenario","status":"publish","type":"post","link":"https:\/\/panoramatv.com.do\/index.php\/2024\/01\/22\/conversatorio-en-el-centro-cultural-banreservas-sobre-la-obra-de-guillo-perez-en-su-centenario\/","title":{"rendered":"Conversatorio en el Centro Cultural Banreservas sobre la obra de Guillo P\u00e9rez en su centenario"},"content":{"rendered":"\n<p>El Centro Cultural Banreservas realiz\u00f3 un conversatorio titulado \u201cGuillo por siempre. Una aproximaci\u00f3n a la vida y obra del artista Guillo P\u00e9rez\u201d, como parte de las actividades para conmemorar el centenario del natalicio de este gran maestro de las artes visuales dominicanas.<\/p>\n\n\n\n<p>El gerente de Cultura de la entidad financiera, Mija\u00edl Peralta, al iniciar la actividad, resalt\u00f3 el \u00e9xito del proyecto que incluy\u00f3 la exposici\u00f3n \u201cGuillo P\u00e9rez Centenario. Obras de la colecci\u00f3n Portela Bison\u00f3\u201d, la puesta en circulaci\u00f3n del cat\u00e1logo, la reflexi\u00f3n de sus obras, un taller para ni\u00f1os y visitas guiadas.<\/p>\n\n\n<div class=\"wp-block-image\">\n<figure class=\"aligncenter size-full\"><img decoding=\"async\" src=\"https:\/\/xco-images.nyc3.digitaloceanspaces.com\/panoramatv.com.do\/wp-content\/uploads\/2024\/01\/2-3-914x609.jpg\" alt=\"\" class=\"wp-image-11888\"\/><\/figure>\n<\/div>\n\n\n<p>\u00abEn este tiempo de exposici\u00f3n hemos confirmado la grandeza del artista, la profundidad de la muestra y el reflejo de los artistas dominicanos que fundaron la pl\u00e1stica nacional\u00bb, dijo.<\/p>\n\n\n\n<p>El panel fue desarrollado por el coleccionista Juan Manuel Portela Bison\u00f3 y los cr\u00edticos de arte Abil Peralta Ag\u00fcero y Amable L\u00f3pez Mel\u00e9ndez, quienes destacaron el dominio de las texturas y del color que condujeron a Guillo al paisajismo de su tierra.v<\/p>\n\n\n<div class=\"wp-block-image\">\n<figure class=\"aligncenter size-full\"><img decoding=\"async\" src=\"https:\/\/xco-images.nyc3.digitaloceanspaces.com\/panoramatv.com.do\/wp-content\/uploads\/2024\/01\/0-24-914x609.jpg\" alt=\"\" class=\"wp-image-11889\"\/><\/figure>\n<\/div>","protected":false},"excerpt":{"rendered":"<p>El Centro Cultural Banreservas realiz\u00f3 un conversatorio titulado \u201cGuillo por siempre. Una aproximaci\u00f3n a la vida y obra del artista Guillo P\u00e9rez\u201d, como parte de las actividades para conmemorar el centenario del natalicio de este gran maestro de las artes visuales dominicanas. El gerente de Cultura de la entidad financiera, Mija\u00edl Peralta, al iniciar la [&hellip;]<\/p>\n","protected":false},"author":1,"featured_media":11889,"comment_status":"open","ping_status":"open","sticky":false,"template":"","format":"standard","meta":{"_jetpack_memberships_contains_paid_content":false,"footnotes":"","jetpack_publicize_message":"","jetpack_publicize_feature_enabled":true,"jetpack_social_post_already_shared":true,"jetpack_social_options":{"image_generator_settings":{"template":"highway","enabled":false}}},"categories":[10],"tags":[103,636,877],"class_list":["post-11887","post","type-post","status-publish","format-standard","has-post-thumbnail","hentry","category-panorama-social","tag-banreservas","tag-centro-cultural-banreservas","tag-panoramatv"],"jetpack_publicize_connections":[],"jetpack_sharing_enabled":true,"jetpack_featured_media_url":"https:\/\/panoramatv.com.do\/wp-content\/uploads\/2024\/01\/0-24-914x609.jpg","jetpack_likes_enabled":true,"jetpack-related-posts":[],"_links":{"self":[{"href":"https:\/\/panoramatv.com.do\/index.php\/wp-json\/wp\/v2\/posts\/11887","targetHints":{"allow":["GET"]}}],"collection":[{"href":"https:\/\/panoramatv.com.do\/index.php\/wp-json\/wp\/v2\/posts"}],"about":[{"href":"https:\/\/panoramatv.com.do\/index.php\/wp-json\/wp\/v2\/types\/post"}],"author":[{"embeddable":true,"href":"https:\/\/panoramatv.com.do\/index.php\/wp-json\/wp\/v2\/users\/1"}],"replies":[{"embeddable":true,"href":"https:\/\/panoramatv.com.do\/index.php\/wp-json\/wp\/v2\/comments?post=11887"}],"version-history":[{"count":0,"href":"https:\/\/panoramatv.com.do\/index.php\/wp-json\/wp\/v2\/posts\/11887\/revisions"}],"wp:featuredmedia":[{"embeddable":true,"href":"https:\/\/panoramatv.com.do\/index.php\/wp-json\/wp\/v2\/media\/11889"}],"wp:attachment":[{"href":"https:\/\/panoramatv.com.do\/index.php\/wp-json\/wp\/v2\/media?parent=11887"}],"wp:term":[{"taxonomy":"category","embeddable":true,"href":"https:\/\/panoramatv.com.do\/index.php\/wp-json\/wp\/v2\/categories?post=11887"},{"taxonomy":"post_tag","embeddable":true,"href":"https:\/\/panoramatv.com.do\/index.php\/wp-json\/wp\/v2\/tags?post=11887"}],"curies":[{"name":"wp","href":"https:\/\/api.w.org\/{rel}","templated":true}]}}