{"id":11883,"date":"2024-01-22T09:01:59","date_gmt":"2024-01-22T13:01:59","guid":{"rendered":"https:\/\/panoramatv.com.do\/?p=11883"},"modified":"2024-01-22T09:02:12","modified_gmt":"2024-01-22T13:02:12","slug":"compromiso-del-mescyt-para-impulsar-e-implementar-la-estrategia-iberoamericana-de-innovacion","status":"publish","type":"post","link":"https:\/\/panoramatv.com.do\/index.php\/2024\/01\/22\/compromiso-del-mescyt-para-impulsar-e-implementar-la-estrategia-iberoamericana-de-innovacion\/","title":{"rendered":"Compromiso del MESCYT para impulsar e implementar la Estrategia Iberoamericana de Innovaci\u00f3n"},"content":{"rendered":"\n<p><em>Ministro asegura Rep\u00fablica Dominicana trabaja con Ecuador para cumplir acuerdos de Santiago de Compostela y Santo Domingo<\/em><\/p>\n\n\n\n<p><strong>Santo Domingo.-<\/strong>El Ministerio de Educaci\u00f3n Superior, Ciencia y Tecnolog\u00eda (MESCYT), reiter\u00f3 su compromiso para impulsar e implementar la Estrategia Iberoamericana de Innovaci\u00f3n , as\u00ed como el Plan de Acci\u00f3n en Ciencia Abierta, aprobado en la V Reuni\u00f3n de Ministras, Ministros y Altas Autoridades de Ciencia, Tecnolog\u00eda e Innovaci\u00f3n, tras Ecuador asumir este 2024, la presidencia pro tempore de la misma.<\/p>\n\n\n\n<p>El titular del MESCYT, doctor Franklin Garc\u00eda Ferm\u00edn resalt\u00f3 que los&nbsp;acuerdos alcanzados por la ministerial, configuran la agenda iberoamericana de cooperaci\u00f3n en ciencia, tecnolog\u00eda e innovaci\u00f3n, con al apoyo de la Secretar\u00eda General Iberoamericana (SEGIB), lo que permitir\u00e1 avanzar hacia la pr\u00f3xima Reuni\u00f3n de Ministras, Ministros y Altas Autoridades, que se celebrar\u00e1 bajo la presidencia ecuatoriana.<\/p>\n\n\n\n<p>\u201cQuiero extender un saludo muy especial a Ana Changuin, Secretar\u00eda de Educaci\u00f3n Superior, Ciencia, Tecnolog\u00eda e Innovaci\u00f3n de Ecuador, a quien deseo los mayores \u00e9xitos en su gesti\u00f3n ministerial y en la presidencia de la conferencia Iberoamericana\u201d, indic\u00f3 el ministro.&nbsp;<\/p>\n\n\n\n<p><strong>Objetivos de la XXIX Cumbre Iberoamericana de Jefes de Estado y de Gobierno<\/strong><\/p>\n\n\n\n<p>Dentro de los objetivos de la XXIX Cumbre Iberoamericana de Jefes de Estado y de Gobierno, se encuentran; impulsar la formaci\u00f3n de investigadores, a trav\u00e9s de la implementaci\u00f3n de una estrategia iberoamericana para la promoci\u00f3n de una regi\u00f3n cient\u00edfica y digital, as\u00ed como el fomento del espa\u00f1ol y el portugu\u00e9s como lenguas de la comunicaci\u00f3n cient\u00edfica.<\/p>\n\n\n\n<figure class=\"wp-block-gallery has-nested-images columns-default is-cropped wp-block-gallery-1 is-layout-flex wp-block-gallery-is-layout-flex\">\n<figure class=\"wp-block-image size-large\"><img decoding=\"async\" data-id=\"11884\" src=\"https:\/\/xco-images.nyc3.digitaloceanspaces.com\/panoramatv.com.do\/wp-content\/uploads\/2024\/01\/0-23-613x609.jpg\" alt=\"\" class=\"wp-image-11884\"\/><\/figure>\n\n\n\n<figure class=\"wp-block-image size-large\"><img decoding=\"async\" data-id=\"11885\" src=\"https:\/\/xco-images.nyc3.digitaloceanspaces.com\/panoramatv.com.do\/wp-content\/uploads\/2024\/01\/1-13-1024x596.jpg\" alt=\"\" class=\"wp-image-11885\"\/><\/figure>\n<\/figure>\n","protected":false},"excerpt":{"rendered":"<p>Ministro asegura Rep\u00fablica Dominicana trabaja con Ecuador para cumplir acuerdos de Santiago de Compostela y Santo Domingo Santo Domingo.-El Ministerio de Educaci\u00f3n Superior, Ciencia y Tecnolog\u00eda (MESCYT), reiter\u00f3 su compromiso para impulsar e implementar la Estrategia Iberoamericana de Innovaci\u00f3n , as\u00ed como el Plan de Acci\u00f3n en Ciencia Abierta, aprobado en la V Reuni\u00f3n de [&hellip;]<\/p>\n","protected":false},"author":1,"featured_media":11885,"comment_status":"open","ping_status":"open","sticky":false,"template":"","format":"standard","meta":{"_jetpack_memberships_contains_paid_content":false,"footnotes":"","jetpack_publicize_message":"","jetpack_publicize_feature_enabled":true,"jetpack_social_post_already_shared":true,"jetpack_social_options":{"image_generator_settings":{"template":"highway","enabled":false}}},"categories":[1],"tags":[2385,768,877],"class_list":["post-11883","post","type-post","status-publish","format-standard","has-post-thumbnail","hentry","category-actualidad","tag-estrategia-iberoamericana","tag-mescyt","tag-panoramatv"],"jetpack_publicize_connections":[],"jetpack_sharing_enabled":true,"jetpack_featured_media_url":"https:\/\/panoramatv.com.do\/wp-content\/uploads\/2024\/01\/1-13-1024x596.jpg","jetpack_likes_enabled":true,"jetpack-related-posts":[],"_links":{"self":[{"href":"https:\/\/panoramatv.com.do\/index.php\/wp-json\/wp\/v2\/posts\/11883","targetHints":{"allow":["GET"]}}],"collection":[{"href":"https:\/\/panoramatv.com.do\/index.php\/wp-json\/wp\/v2\/posts"}],"about":[{"href":"https:\/\/panoramatv.com.do\/index.php\/wp-json\/wp\/v2\/types\/post"}],"author":[{"embeddable":true,"href":"https:\/\/panoramatv.com.do\/index.php\/wp-json\/wp\/v2\/users\/1"}],"replies":[{"embeddable":true,"href":"https:\/\/panoramatv.com.do\/index.php\/wp-json\/wp\/v2\/comments?post=11883"}],"version-history":[{"count":0,"href":"https:\/\/panoramatv.com.do\/index.php\/wp-json\/wp\/v2\/posts\/11883\/revisions"}],"wp:featuredmedia":[{"embeddable":true,"href":"https:\/\/panoramatv.com.do\/index.php\/wp-json\/wp\/v2\/media\/11885"}],"wp:attachment":[{"href":"https:\/\/panoramatv.com.do\/index.php\/wp-json\/wp\/v2\/media?parent=11883"}],"wp:term":[{"taxonomy":"category","embeddable":true,"href":"https:\/\/panoramatv.com.do\/index.php\/wp-json\/wp\/v2\/categories?post=11883"},{"taxonomy":"post_tag","embeddable":true,"href":"https:\/\/panoramatv.com.do\/index.php\/wp-json\/wp\/v2\/tags?post=11883"}],"curies":[{"name":"wp","href":"https:\/\/api.w.org\/{rel}","templated":true}]}}