{"id":11582,"date":"2024-01-15T08:40:53","date_gmt":"2024-01-15T12:40:53","guid":{"rendered":"https:\/\/panoramatv.com.do\/?p=11582"},"modified":"2024-01-15T08:41:06","modified_gmt":"2024-01-15T12:41:06","slug":"medio-ambiente-rescata-siete-flamencos-en-alojamiento-turistico-de-puerto-plata","status":"publish","type":"post","link":"https:\/\/panoramatv.com.do\/index.php\/2024\/01\/15\/medio-ambiente-rescata-siete-flamencos-en-alojamiento-turistico-de-puerto-plata\/","title":{"rendered":"Medio Ambiente rescata siete flamencos en alojamiento tur\u00edstico de Puerto Plata\u00a0"},"content":{"rendered":"\n<p>CABARETE (Puerto Plata). &#8211; El Ministerio de Medio Ambiente y Recursos Naturales (MMARN) ocup\u00f3, junto a la Procuradur\u00eda Especializada para la Defensa del Medio Ambiente y los Recursos Naturales (Proedemaren), siete flamencos del Caribe mantenido en cautiverio por un alojamiento tur\u00edstico que se rehus\u00f3 a entregar las aves de manera voluntaria al proyecto Rescate Rosado.&nbsp;<\/p>\n\n\n\n<p>&nbsp;Los t\u00e9cnicos Luis An\u00edbal Jos\u00e9 Amparo e Indira S\u00e1nchez, inspectores del Departamento de Regulaci\u00f3n y Control de Vida Silvestre de la Direcci\u00f3n de Biodiversidad, rescataron las aves en Flamingo Jungle, un espacio de alojamientos que se oferta a trav\u00e9s de la plataforma Airbnb.&nbsp;<\/p>\n\n\n<div class=\"wp-block-image\">\n<figure class=\"aligncenter size-full\"><img decoding=\"async\" src=\"https:\/\/xco-images.nyc3.digitaloceanspaces.com\/panoramatv.com.do\/wp-content\/uploads\/2024\/01\/0-10-914x609.jpg\" alt=\"\" class=\"wp-image-11583\"\/><\/figure>\n<\/div>\n\n\n<p>&nbsp;El operativo de rescate, que estuvo encabezado por el fiscal Domingo Belliard, adscrito a la Proedemaren, cont\u00f3 con el apoyo de agentes del Servicio Nacional de Protecci\u00f3n Ambiental (Senpa). Las aves ser\u00e1n sometidas a un proceso de recuperaci\u00f3n y readaptaci\u00f3n con la intenci\u00f3n posterior de ser liberadas.&nbsp;<\/p>\n\n\n\n<p>&nbsp;Los t\u00e9cnicos del Ministerio de Medio Ambiente que participaron en el rescate de los siete flamencos recordaron que comprar o vender estas aves constituye un delito ambiental.&nbsp;<\/p>\n\n\n<div class=\"wp-block-image\">\n<figure class=\"aligncenter size-full\"><img decoding=\"async\" src=\"https:\/\/xco-images.nyc3.digitaloceanspaces.com\/panoramatv.com.do\/wp-content\/uploads\/2024\/01\/1-5-914x609.jpg\" alt=\"\" class=\"wp-image-11584\"\/><\/figure>\n<\/div>","protected":false},"excerpt":{"rendered":"<p>CABARETE (Puerto Plata). &#8211; El Ministerio de Medio Ambiente y Recursos Naturales (MMARN) ocup\u00f3, junto a la Procuradur\u00eda Especializada para la Defensa del Medio Ambiente y los Recursos Naturales (Proedemaren), siete flamencos del Caribe mantenido en cautiverio por un alojamiento tur\u00edstico que se rehus\u00f3 a entregar las aves de manera voluntaria al proyecto Rescate Rosado.&nbsp; [&hellip;]<\/p>\n","protected":false},"author":1,"featured_media":11583,"comment_status":"open","ping_status":"open","sticky":false,"template":"","format":"standard","meta":{"_jetpack_memberships_contains_paid_content":false,"footnotes":"","jetpack_publicize_message":"","jetpack_publicize_feature_enabled":true,"jetpack_social_post_already_shared":true,"jetpack_social_options":{"image_generator_settings":{"template":"highway","enabled":false}}},"categories":[1],"tags":[2280,877],"class_list":["post-11582","post","type-post","status-publish","format-standard","has-post-thumbnail","hentry","category-actualidad","tag-ministerio-de-medio-ambiente-y-recursos-naturales","tag-panoramatv"],"jetpack_publicize_connections":[],"jetpack_sharing_enabled":true,"jetpack_featured_media_url":"https:\/\/panoramatv.com.do\/wp-content\/uploads\/2024\/01\/0-10-914x609.jpg","jetpack_likes_enabled":true,"jetpack-related-posts":[],"_links":{"self":[{"href":"https:\/\/panoramatv.com.do\/index.php\/wp-json\/wp\/v2\/posts\/11582","targetHints":{"allow":["GET"]}}],"collection":[{"href":"https:\/\/panoramatv.com.do\/index.php\/wp-json\/wp\/v2\/posts"}],"about":[{"href":"https:\/\/panoramatv.com.do\/index.php\/wp-json\/wp\/v2\/types\/post"}],"author":[{"embeddable":true,"href":"https:\/\/panoramatv.com.do\/index.php\/wp-json\/wp\/v2\/users\/1"}],"replies":[{"embeddable":true,"href":"https:\/\/panoramatv.com.do\/index.php\/wp-json\/wp\/v2\/comments?post=11582"}],"version-history":[{"count":0,"href":"https:\/\/panoramatv.com.do\/index.php\/wp-json\/wp\/v2\/posts\/11582\/revisions"}],"wp:featuredmedia":[{"embeddable":true,"href":"https:\/\/panoramatv.com.do\/index.php\/wp-json\/wp\/v2\/media\/11583"}],"wp:attachment":[{"href":"https:\/\/panoramatv.com.do\/index.php\/wp-json\/wp\/v2\/media?parent=11582"}],"wp:term":[{"taxonomy":"category","embeddable":true,"href":"https:\/\/panoramatv.com.do\/index.php\/wp-json\/wp\/v2\/categories?post=11582"},{"taxonomy":"post_tag","embeddable":true,"href":"https:\/\/panoramatv.com.do\/index.php\/wp-json\/wp\/v2\/tags?post=11582"}],"curies":[{"name":"wp","href":"https:\/\/api.w.org\/{rel}","templated":true}]}}