{"id":11465,"date":"2023-12-21T11:23:52","date_gmt":"2023-12-21T15:23:52","guid":{"rendered":"https:\/\/panoramatv.com.do\/?p=11465"},"modified":"2023-12-21T11:24:06","modified_gmt":"2023-12-21T15:24:06","slug":"prodominicana-integra-a-la-direccion-general-de-mineria-para-impulsar-la-ventanilla-unica-de-inversion","status":"publish","type":"post","link":"https:\/\/panoramatv.com.do\/index.php\/2023\/12\/21\/prodominicana-integra-a-la-direccion-general-de-mineria-para-impulsar-la-ventanilla-unica-de-inversion\/","title":{"rendered":"ProDominicana integra a la Direcci\u00f3n General de Miner\u00eda para impulsar la Ventanilla \u00danica de Inversi\u00f3n"},"content":{"rendered":"\n<p>Santo Domingo. El Centro de Exportaci\u00f3n e Inversi\u00f3n de la Rep\u00fablica Dominicana (ProDominicana) y la Direcci\u00f3n General de Miner\u00eda firmaron un acuerdo de colaboraci\u00f3n interinstitucional con el objetivo de impulsar acciones orientadas a incrementar la participaci\u00f3n de la entidad en la atracci\u00f3n y expansi\u00f3n de Inversi\u00f3n Extranjera Directa (IED), a trav\u00e9s de la Ventanilla \u00danica de Inversiones de la Rep\u00fablica Dominicana (VUIRD).<\/p>\n\n\n\n<p>Con esta alianza, las entidades se proponen facilitar los procesos de instalaci\u00f3n de nueva Inversi\u00f3n Extranjera Directa al pa\u00eds a trav\u00e9s del sector minero. De este modo, la Direcci\u00f3n General de Miner\u00eda se une a la plataforma digital de la VIURD para facilitar los servicios de permisos, licencias, registros, documentos de no objeci\u00f3n, entre otros.<\/p>\n\n\n<div class=\"wp-block-image\">\n<figure class=\"aligncenter size-large\"><img decoding=\"async\" src=\"https:\/\/images.panoramatv.com.do\/wp-content\/uploads\/2023\/12\/ea28c88a-50c5-481d-9509-6bdd7b100ab3-1024x683.jpg\" alt=\"\" class=\"wp-image-11466\"\/><\/figure>\n<\/div>\n\n\n<p>En ese sentido, la directora ejecutiva de ProDominicana, Biviana Riveiro Disla, expres\u00f3 que la miner\u00eda en Rep\u00fablica Dominicana ha tenido un papel preponderante en los \u00faltimos a\u00f1os, posicion\u00e1ndose como uno de los entes de desarrollo de la econom\u00eda del pa\u00eds. \u201cA trav\u00e9s de este acuerdo desempe\u00f1aremos un papel esencial para gestionar estos procesos de captaci\u00f3n de Inversi\u00f3n Extranjera Directa de manera sostenible y equitativa para los inversionistas que desean invertir en proyectos del sector minero dominicano\u00bb.<\/p>\n\n\n\n<p>De igual modo, se comprometi\u00f3 a simplificar sus procesos y reducir los tiempos ya establecidos, procurando una mejora constante en los servicios que ofrece y a emitir en el plazo establecido seg\u00fan el servicio.<\/p>\n\n\n<div class=\"wp-block-image\">\n<figure class=\"aligncenter size-large\"><img decoding=\"async\" src=\"https:\/\/images.panoramatv.com.do\/wp-content\/uploads\/2023\/12\/4eba44e3-61d6-42fb-92b1-4c56eca141ad-1024x683.jpg\" alt=\"\" class=\"wp-image-11467\"\/><\/figure>\n<\/div>","protected":false},"excerpt":{"rendered":"<p>Santo Domingo. El Centro de Exportaci\u00f3n e Inversi\u00f3n de la Rep\u00fablica Dominicana (ProDominicana) y la Direcci\u00f3n General de Miner\u00eda firmaron un acuerdo de colaboraci\u00f3n interinstitucional con el objetivo de impulsar acciones orientadas a incrementar la participaci\u00f3n de la entidad en la atracci\u00f3n y expansi\u00f3n de Inversi\u00f3n Extranjera Directa (IED), a trav\u00e9s de la Ventanilla \u00danica [&hellip;]<\/p>\n","protected":false},"author":1,"featured_media":11467,"comment_status":"open","ping_status":"open","sticky":false,"template":"","format":"standard","meta":{"_jetpack_memberships_contains_paid_content":false,"footnotes":"","jetpack_publicize_message":"","jetpack_publicize_feature_enabled":true,"jetpack_social_post_already_shared":true,"jetpack_social_options":{"image_generator_settings":{"template":"highway","enabled":false}}},"categories":[1],"tags":[877,388,2273],"class_list":["post-11465","post","type-post","status-publish","format-standard","has-post-thumbnail","hentry","category-actualidad","tag-panoramatv","tag-prodominicana","tag-vuird"],"jetpack_publicize_connections":[],"jetpack_sharing_enabled":true,"jetpack_featured_media_url":"https:\/\/panoramatv.com.do\/wp-content\/uploads\/2023\/12\/4eba44e3-61d6-42fb-92b1-4c56eca141ad-1600x1067.jpg","jetpack_likes_enabled":true,"jetpack-related-posts":[],"_links":{"self":[{"href":"https:\/\/panoramatv.com.do\/index.php\/wp-json\/wp\/v2\/posts\/11465","targetHints":{"allow":["GET"]}}],"collection":[{"href":"https:\/\/panoramatv.com.do\/index.php\/wp-json\/wp\/v2\/posts"}],"about":[{"href":"https:\/\/panoramatv.com.do\/index.php\/wp-json\/wp\/v2\/types\/post"}],"author":[{"embeddable":true,"href":"https:\/\/panoramatv.com.do\/index.php\/wp-json\/wp\/v2\/users\/1"}],"replies":[{"embeddable":true,"href":"https:\/\/panoramatv.com.do\/index.php\/wp-json\/wp\/v2\/comments?post=11465"}],"version-history":[{"count":0,"href":"https:\/\/panoramatv.com.do\/index.php\/wp-json\/wp\/v2\/posts\/11465\/revisions"}],"wp:featuredmedia":[{"embeddable":true,"href":"https:\/\/panoramatv.com.do\/index.php\/wp-json\/wp\/v2\/media\/11467"}],"wp:attachment":[{"href":"https:\/\/panoramatv.com.do\/index.php\/wp-json\/wp\/v2\/media?parent=11465"}],"wp:term":[{"taxonomy":"category","embeddable":true,"href":"https:\/\/panoramatv.com.do\/index.php\/wp-json\/wp\/v2\/categories?post=11465"},{"taxonomy":"post_tag","embeddable":true,"href":"https:\/\/panoramatv.com.do\/index.php\/wp-json\/wp\/v2\/tags?post=11465"}],"curies":[{"name":"wp","href":"https:\/\/api.w.org\/{rel}","templated":true}]}}