{"id":10962,"date":"2023-11-29T10:33:04","date_gmt":"2023-11-29T14:33:04","guid":{"rendered":"https:\/\/panoramatv.com.do\/?p=10962"},"modified":"2023-11-29T10:33:18","modified_gmt":"2023-11-29T14:33:18","slug":"precaucion-via-cerrada-en-la-carretera-sanchez-quita-sueno","status":"publish","type":"post","link":"https:\/\/panoramatv.com.do\/index.php\/2023\/11\/29\/precaucion-via-cerrada-en-la-carretera-sanchez-quita-sueno\/","title":{"rendered":"Precauci\u00f3n v\u00eda cerrada en la Carretera S\u00e1nchez, Quita Sue\u00f1o"},"content":{"rendered":"\n<p><strong>Santo Domingo, 29 de noviembre 2023<\/strong>.-&nbsp;El Instituto Nacional de Tr\u00e1nsito y Transporte Terrestre (Intrant), inform\u00f3&nbsp;a los ciudadanos que se desplazan por la carretera S\u00e1nchez, en Quita Sue\u00f1o \u2013 Haina, que la v\u00eda est\u00e1 cerrada, por lo que la instituci\u00f3n recomienda conducir con cautela tras accidente que involucra una patana.<\/p>\n\n\n\n<p>En ese sentido, el \u00f3rgano rector del transporte reitera conducir con precauci\u00f3n y seguir las indicaciones de los agentes de la Direcci\u00f3n General de Seguridad de Tr\u00e1nsito y Transporte Terrestre (Digesett).<\/p>\n\n\n\n<p>El Intrant llama a quienes se desplacen por la Carretera S\u00e1nchez, en direcci\u00f3n Haina, Santo Domingo y viceversa, a colaborar con el flujo de la v\u00eda para dar paso a ambulancias, as\u00ed como a otras unidades de socorro.<\/p>\n\n\n\n<figure class=\"wp-block-image size-large\"><img decoding=\"async\" src=\"https:\/\/images.panoramatv.com.do\/wp-content\/uploads\/2023\/11\/unnamed-4-1024x682.jpg\" alt=\"\" class=\"wp-image-10963\"\/><\/figure>\n","protected":false},"excerpt":{"rendered":"<p>Santo Domingo, 29 de noviembre 2023.-&nbsp;El Instituto Nacional de Tr\u00e1nsito y Transporte Terrestre (Intrant), inform\u00f3&nbsp;a los ciudadanos que se desplazan por la carretera S\u00e1nchez, en Quita Sue\u00f1o \u2013 Haina, que la v\u00eda est\u00e1 cerrada, por lo que la instituci\u00f3n recomienda conducir con cautela tras accidente que involucra una patana. En ese sentido, el \u00f3rgano rector [&hellip;]<\/p>\n","protected":false},"author":1,"featured_media":10963,"comment_status":"open","ping_status":"open","sticky":false,"template":"","format":"standard","meta":{"_jetpack_memberships_contains_paid_content":false,"footnotes":"","jetpack_publicize_message":"","jetpack_publicize_feature_enabled":true,"jetpack_social_post_already_shared":true,"jetpack_social_options":{"image_generator_settings":{"template":"highway","enabled":false}}},"categories":[1],"tags":[92,877,2163],"class_list":["post-10962","post","type-post","status-publish","format-standard","has-post-thumbnail","hentry","category-actualidad","tag-intrant","tag-panoramatv","tag-quita-sueno"],"jetpack_publicize_connections":[],"jetpack_sharing_enabled":true,"jetpack_featured_media_url":"https:\/\/panoramatv.com.do\/wp-content\/uploads\/2023\/11\/unnamed-4-1600x1066.jpg","jetpack_likes_enabled":true,"jetpack-related-posts":[],"_links":{"self":[{"href":"https:\/\/panoramatv.com.do\/index.php\/wp-json\/wp\/v2\/posts\/10962","targetHints":{"allow":["GET"]}}],"collection":[{"href":"https:\/\/panoramatv.com.do\/index.php\/wp-json\/wp\/v2\/posts"}],"about":[{"href":"https:\/\/panoramatv.com.do\/index.php\/wp-json\/wp\/v2\/types\/post"}],"author":[{"embeddable":true,"href":"https:\/\/panoramatv.com.do\/index.php\/wp-json\/wp\/v2\/users\/1"}],"replies":[{"embeddable":true,"href":"https:\/\/panoramatv.com.do\/index.php\/wp-json\/wp\/v2\/comments?post=10962"}],"version-history":[{"count":0,"href":"https:\/\/panoramatv.com.do\/index.php\/wp-json\/wp\/v2\/posts\/10962\/revisions"}],"wp:featuredmedia":[{"embeddable":true,"href":"https:\/\/panoramatv.com.do\/index.php\/wp-json\/wp\/v2\/media\/10963"}],"wp:attachment":[{"href":"https:\/\/panoramatv.com.do\/index.php\/wp-json\/wp\/v2\/media?parent=10962"}],"wp:term":[{"taxonomy":"category","embeddable":true,"href":"https:\/\/panoramatv.com.do\/index.php\/wp-json\/wp\/v2\/categories?post=10962"},{"taxonomy":"post_tag","embeddable":true,"href":"https:\/\/panoramatv.com.do\/index.php\/wp-json\/wp\/v2\/tags?post=10962"}],"curies":[{"name":"wp","href":"https:\/\/api.w.org\/{rel}","templated":true}]}}