{"id":10749,"date":"2023-11-22T15:34:40","date_gmt":"2023-11-22T19:34:40","guid":{"rendered":"https:\/\/panoramatv.com.do\/?p=10749"},"modified":"2023-11-22T15:34:53","modified_gmt":"2023-11-22T19:34:53","slug":"pro-consumidor-garantiza-no-habra-publicidad-enganosa-en-viernes-negro","status":"publish","type":"post","link":"https:\/\/panoramatv.com.do\/index.php\/2023\/11\/22\/pro-consumidor-garantiza-no-habra-publicidad-enganosa-en-viernes-negro\/","title":{"rendered":"Pro Consumidor garantiza no habr\u00e1 publicidad enga\u00f1osa en Viernes Negro"},"content":{"rendered":"\n<p><strong>SANTO DOMINGO. &#8211;<\/strong>&nbsp;El Instituto Nacional de Protecci\u00f3n de los Derechos del Consumidor (Pro Consumidor) declar\u00f3 que esa entidad trabaja de manera activa para que se respete y se cumpla con las ofertas que hacen los comercios con motivo de la celebraci\u00f3n del Viernes Negro, por lo que garantiz\u00f3 que no habr\u00e1 publicidad enga\u00f1osa en esa fecha de gran flujo comercial en perjuicio de los consumidores.<\/p>\n\n\n\n<p>El director ejecutivo de Pro Consumidor, doctor Eddy Alc\u00e1ntara, dijo en ese sentido que ante las medidas que se vienen tomando previo a la celebraci\u00f3n de tan importante fecha comercial, por la gran demanda de bienes y servicios que se registran en esta \u00e9poca, \u201clos consumidores pueden comprar con confianza y seguridad\u201d.<\/p>\n\n\n\n<p>\u201cGracias a esas medidas que hemos venido implementando, con una vigilancia permanente en los establecimientos de mayor demanda para esta fecha de mucho movimiento comercial, el riesgo de publicidad enga\u00f1osa es m\u00ednimo\u201d, dijo.<\/p>\n\n\n\n<p>Alc\u00e1ntara manifest\u00f3 en ese orden, que desde hace varias semanas inspectores de Pro Consumidor vigilan los principales comercios del Gran Santo Domingo, Santiago, San Crist\u00f3bal, San Pedro de Macor\u00eds, La Romana, Puerto Plata y otras ciudades \u201cpara evitar que se produzcan irregularidades comerciales que afecten a las personas consumidoras\u201d.<\/p>\n\n\n\n<figure class=\"wp-block-image size-large\"><img decoding=\"async\" src=\"https:\/\/images.panoramatv.com.do\/wp-content\/uploads\/2023\/11\/0-44-1024x683.jpg\" alt=\"\" class=\"wp-image-10750\"\/><\/figure>\n","protected":false},"excerpt":{"rendered":"<p>SANTO DOMINGO. &#8211;&nbsp;El Instituto Nacional de Protecci\u00f3n de los Derechos del Consumidor (Pro Consumidor) declar\u00f3 que esa entidad trabaja de manera activa para que se respete y se cumpla con las ofertas que hacen los comercios con motivo de la celebraci\u00f3n del Viernes Negro, por lo que garantiz\u00f3 que no habr\u00e1 publicidad enga\u00f1osa en esa [&hellip;]<\/p>\n","protected":false},"author":1,"featured_media":10750,"comment_status":"open","ping_status":"open","sticky":false,"template":"","format":"standard","meta":{"_jetpack_memberships_contains_paid_content":false,"footnotes":"","jetpack_publicize_message":"","jetpack_publicize_feature_enabled":true,"jetpack_social_post_already_shared":true,"jetpack_social_options":{"image_generator_settings":{"template":"highway","enabled":false}}},"categories":[1],"tags":[2112,877,1816],"class_list":["post-10749","post","type-post","status-publish","format-standard","has-post-thumbnail","hentry","category-actualidad","tag-derechos-del-consumidor","tag-panoramatv","tag-pro-consumidor"],"jetpack_publicize_connections":[],"jetpack_sharing_enabled":true,"jetpack_featured_media_url":"https:\/\/panoramatv.com.do\/wp-content\/uploads\/2023\/11\/0-44-1114x743.jpg","jetpack_likes_enabled":true,"jetpack-related-posts":[],"_links":{"self":[{"href":"https:\/\/panoramatv.com.do\/index.php\/wp-json\/wp\/v2\/posts\/10749","targetHints":{"allow":["GET"]}}],"collection":[{"href":"https:\/\/panoramatv.com.do\/index.php\/wp-json\/wp\/v2\/posts"}],"about":[{"href":"https:\/\/panoramatv.com.do\/index.php\/wp-json\/wp\/v2\/types\/post"}],"author":[{"embeddable":true,"href":"https:\/\/panoramatv.com.do\/index.php\/wp-json\/wp\/v2\/users\/1"}],"replies":[{"embeddable":true,"href":"https:\/\/panoramatv.com.do\/index.php\/wp-json\/wp\/v2\/comments?post=10749"}],"version-history":[{"count":0,"href":"https:\/\/panoramatv.com.do\/index.php\/wp-json\/wp\/v2\/posts\/10749\/revisions"}],"wp:featuredmedia":[{"embeddable":true,"href":"https:\/\/panoramatv.com.do\/index.php\/wp-json\/wp\/v2\/media\/10750"}],"wp:attachment":[{"href":"https:\/\/panoramatv.com.do\/index.php\/wp-json\/wp\/v2\/media?parent=10749"}],"wp:term":[{"taxonomy":"category","embeddable":true,"href":"https:\/\/panoramatv.com.do\/index.php\/wp-json\/wp\/v2\/categories?post=10749"},{"taxonomy":"post_tag","embeddable":true,"href":"https:\/\/panoramatv.com.do\/index.php\/wp-json\/wp\/v2\/tags?post=10749"}],"curies":[{"name":"wp","href":"https:\/\/api.w.org\/{rel}","templated":true}]}}